{"id":152725,"date":"2020-02-11T07:05:49","date_gmt":"2020-02-11T10:05:49","guid":{"rendered":"http:\/\/www.caririemacao.com\/1\/?p=152725"},"modified":"2020-02-11T07:05:51","modified_gmt":"2020-02-11T10:05:51","slug":"prefeito-paraibano-cancela-festa-de-carnaval-e-investira-em-casa-de-acolhimento-para-pacientes-com-cancer","status":"publish","type":"post","link":"https:\/\/www.caririemacao.com\/1\/2020\/02\/11\/prefeito-paraibano-cancela-festa-de-carnaval-e-investira-em-casa-de-acolhimento-para-pacientes-com-cancer\/","title":{"rendered":"Prefeito paraibano cancela festa de Carnaval e investir\u00e1 em casa de acolhimento para pacientes com c\u00e2ncer"},"content":{"rendered":"\n<p> O prefeito Umberto Jefferson decretou que o munic\u00edpio de S\u00e3o Mamede, interior da Para\u00edba, n\u00e3o ter\u00e1 festa de carnaval organizada pela prefeitura. O objetivo \u00e9 reverter o que seria gasto com as festividades em obras e servi\u00e7os.<\/p>\n\n\n\n<p>Os recursos, neste 2020, ser\u00e3o revertidos para abertura de uma Casa de Acolhimento em Jo\u00e3o Pessoa para pacientes e parentes de pessoas com c\u00e2ncer que estejam em tratamento na Capital.<\/p>\n\n\n\n<p>O prefeito citou os exemplos de 2019 e 2018 quando as verbas foram destinadas para perfura\u00e7\u00e3o de po\u00e7os artesianos e para abertura da Casa de Apoio ao Estudante s\u00e3omamedense em Patos.<\/p>\n\n\n\n<p><strong>Veja o comunicado do prefeito Umberto Jefferson na \u00edntegra.<\/strong><\/p>\n\n\n\n<p><em>\u201cDecidimos cancelar novamente nossa pr\u00e9via carnavalesca. Em 2018 revertemos o recurso para perfura\u00e7\u00e3o de po\u00e7os artesianos e em 2019, destinamos a verba para abertura da Casa de Apoio ao Estudante S\u00e3omamedense na cidade de Patos. Agora, em 2020, mais uma vez vamos utilizar os recursos em benef\u00edcio de quem mais precisa e da coletividade, abrindo a Casa de Acolhimento em Jo\u00e3o Pessoa para os pacientes e parentes em tratamento de c\u00e2ncer ou doen\u00e7as cr\u00f4nicas. Al\u00e9m disso, iniciaremos dia 17\/02 o funcionamento da III Cozinha Comunit\u00e1ria no Complexo da A\u00e7\u00e3o Social para disponibilizar o caf\u00e9-da-manh\u00e3 e complementar o projeto em 100%. S\u00e3o Mamede ser\u00e1 a \u00fanica cidade a oferecer caf\u00e9, almo\u00e7o e janta de forma gratuita aos mais carentes. Assim, estamos cumprindo mais dois pontos do nosso plano de governo, realizando sonhos e buscando melhorar a vida de todos.\u201d<\/em><\/p>\n\n\n\n<p><strong>De Olho no Cariri<\/strong><\/p>\n","protected":false},"excerpt":{"rendered":"<p>O prefeito Umberto Jefferson decretou que o munic\u00edpio de S\u00e3o Mamede, interior da Para\u00edba, n\u00e3o ter\u00e1 festa de carnaval organizada pela prefeitura. O objetivo \u00e9&hellip; <\/p>\n","protected":false},"author":2,"featured_media":152726,"comment_status":"closed","ping_status":"closed","sticky":false,"template":"","format":"standard","meta":{"sfsi_plus_gutenberg_text_before_share":"","sfsi_plus_gutenberg_show_text_before_share":"","sfsi_plus_gutenberg_icon_type":"","sfsi_plus_gutenberg_icon_alignemt":"","sfsi_plus_gutenburg_max_per_row":"","footnotes":""},"categories":[50,2],"tags":[],"class_list":["post-152725","post","type-post","status-publish","format-standard","has-post-thumbnail","hentry","category-destaque","category-geral"],"_links":{"self":[{"href":"https:\/\/www.caririemacao.com\/1\/wp-json\/wp\/v2\/posts\/152725","targetHints":{"allow":["GET"]}}],"collection":[{"href":"https:\/\/www.caririemacao.com\/1\/wp-json\/wp\/v2\/posts"}],"about":[{"href":"https:\/\/www.caririemacao.com\/1\/wp-json\/wp\/v2\/types\/post"}],"author":[{"embeddable":true,"href":"https:\/\/www.caririemacao.com\/1\/wp-json\/wp\/v2\/users\/2"}],"replies":[{"embeddable":true,"href":"https:\/\/www.caririemacao.com\/1\/wp-json\/wp\/v2\/comments?post=152725"}],"version-history":[{"count":1,"href":"https:\/\/www.caririemacao.com\/1\/wp-json\/wp\/v2\/posts\/152725\/revisions"}],"predecessor-version":[{"id":152727,"href":"https:\/\/www.caririemacao.com\/1\/wp-json\/wp\/v2\/posts\/152725\/revisions\/152727"}],"wp:featuredmedia":[{"embeddable":true,"href":"https:\/\/www.caririemacao.com\/1\/wp-json\/wp\/v2\/media\/152726"}],"wp:attachment":[{"href":"https:\/\/www.caririemacao.com\/1\/wp-json\/wp\/v2\/media?parent=152725"}],"wp:term":[{"taxonomy":"category","embeddable":true,"href":"https:\/\/www.caririemacao.com\/1\/wp-json\/wp\/v2\/categories?post=152725"},{"taxonomy":"post_tag","embeddable":true,"href":"https:\/\/www.caririemacao.com\/1\/wp-json\/wp\/v2\/tags?post=152725"}],"curies":[{"name":"wp","href":"https:\/\/api.w.org\/{rel}","templated":true}]}}