{"id":152729,"date":"2020-02-11T07:07:27","date_gmt":"2020-02-11T10:07:27","guid":{"rendered":"http:\/\/www.caririemacao.com\/1\/?p=152729"},"modified":"2020-02-11T07:07:49","modified_gmt":"2020-02-11T10:07:49","slug":"prefeito-de-caraubas-cobra-plano-de-seguranca-junto-ao-comando-geral-da-policia-militar-da-paraiba","status":"publish","type":"post","link":"https:\/\/www.caririemacao.com\/1\/2020\/02\/11\/prefeito-de-caraubas-cobra-plano-de-seguranca-junto-ao-comando-geral-da-policia-militar-da-paraiba\/","title":{"rendered":"Prefeito de Cara\u00fabas cobra plano de seguran\u00e7a junto ao comando geral da Pol\u00edcia Militar da Para\u00edba"},"content":{"rendered":"\n<div class=\"wp-block-image\"><figure class=\"aligncenter\"><img decoding=\"async\" data-src=\"http:\/\/deolhonocariri.com.br\/wp-content\/uploads\/2020\/02\/84060027_2581880708587703_3768131347453837312_n.jpg\" alt=\"\" class=\"wp-image-77766 lazyload\" src=\"data:image\/svg+xml;base64,PHN2ZyB3aWR0aD0iMSIgaGVpZ2h0PSIxIiB4bWxucz0iaHR0cDovL3d3dy53My5vcmcvMjAwMC9zdmciPjwvc3ZnPg==\" \/><\/figure><\/div>\n\n\n\n<p>O prefeito Silvano Dudu esteve reunido na \u00faltima quarta-feira, dia 5\/2, no comando geral da Pol\u00edcia Militar do Estado da Para\u00edba com o Coronel Almeida onde pessoalmente fez v\u00e1rias cobran\u00e7as aquela corpora\u00e7\u00e3o militar, dentre elas o aumento do refor\u00e7o de policiais no munic\u00edpio diariamente, bem como, a apresenta\u00e7\u00e3o de um Plano de Seguran\u00e7a para atender a cidade de Cara\u00fabas.<\/p>\n\n\n\n<p>J\u00e1 fizemos isso oficialmente ao comando do 11\u00ba BPM, onde protocolamos um of\u00edcio junto ao Capit\u00e3o Rosim\u00e1rio solicitando em car\u00e1ter de urg\u00eancia esse plano de seguran\u00e7a em virtude inclusive da instala\u00e7\u00e3o de um caixa eletr\u00f4nico da ag\u00eancia Bradesco na nossa cidade, argumentou o prefeito.<\/p>\n\n\n\n<p>Precisamos avan\u00e7ar nesse item da seguran\u00e7a p\u00fablica, pois, temos a oportunidade de fazer com que a nossa economia cres\u00e7a e o com\u00e9rcio se fortale\u00e7a com a implanta\u00e7\u00e3o dessa nova estrutura j\u00e1 prometida ao munic\u00edpio pelo pr\u00f3prio banco, afirmou ele.<\/p>\n\n\n\n<p>O sub comandante Coronel Almeida atendeu o prefeito que se fez acompanhado do secret\u00e1rio do Planejamento, jornalista Eduardo Belo, que imediatamente ficou de comunicar ao comandante Euller das solicita\u00e7\u00f5es realizadas pelo munic\u00edpio. Nosso interesse \u00e9 garantir a ordem e a seguran\u00e7a dos 223 munic\u00edpios paraibanos e sabemos o quanto \u00e9 dif\u00edcil colocar em pr\u00e1tica esse desejo pelas defici\u00eancias e limita\u00e7\u00f5es de car\u00e1ter de pessoal que temos, afirmou ele.<\/p>\n\n\n\n<p>Mas uma solu\u00e7\u00e3o precisa ser apontada e estaremos tentando solucionar esse problema o mais breve poss\u00edvel com a forma\u00e7\u00e3o de novas turmas e com a realiza\u00e7\u00e3o de concurso p\u00fablico para ingresso de novos homens na tropa, concluiu ele.<br>De acordo com informa\u00e7\u00f5es do gerente do Banco Bradesco j\u00e1 estamos promovendo uma reforma nas depend\u00eancias do im\u00f3vel para adaptar a estrutura e atender a popula\u00e7\u00e3o de Cara\u00fabas. O gerente do PAA \u2013 Posto de Atendimento Avan\u00e7ado, C\u00e1ssio afirmou que a meta \u00e9 fazer com que todos os clientes de Cara\u00fabas sejam atendidos na pr\u00f3pria cidade evitando despesas com deslocamento para outras cidades.<\/p>\n\n\n\n<p>O Posto de Atendimento Avan\u00e7ado do Bradesco vem atendendo os funcion\u00e1rios p\u00fablicos da Prefeitura e os correntistas locais, mas numa estrutura em que se n\u00e3o tem possibilidade de movimenta\u00e7\u00e3o financeira, exatamente pela falte de um Plano de Seguran\u00e7a que seja capaz de garantir a nossa funcionalidade, concluiu ele.<\/p>\n\n\n\n<p>De olho no cariri<\/p>\n","protected":false},"excerpt":{"rendered":"<p>O prefeito Silvano Dudu esteve reunido na \u00faltima quarta-feira, dia 5\/2, no comando geral da Pol\u00edcia Militar do Estado da Para\u00edba com o Coronel Almeida&hellip; <\/p>\n","protected":false},"author":2,"featured_media":152730,"comment_status":"closed","ping_status":"closed","sticky":false,"template":"","format":"standard","meta":{"sfsi_plus_gutenberg_text_before_share":"","sfsi_plus_gutenberg_show_text_before_share":"","sfsi_plus_gutenberg_icon_type":"","sfsi_plus_gutenberg_icon_alignemt":"","sfsi_plus_gutenburg_max_per_row":"","footnotes":""},"categories":[50,11],"tags":[],"class_list":["post-152729","post","type-post","status-publish","format-standard","has-post-thumbnail","hentry","category-destaque","category-politica"],"_links":{"self":[{"href":"https:\/\/www.caririemacao.com\/1\/wp-json\/wp\/v2\/posts\/152729","targetHints":{"allow":["GET"]}}],"collection":[{"href":"https:\/\/www.caririemacao.com\/1\/wp-json\/wp\/v2\/posts"}],"about":[{"href":"https:\/\/www.caririemacao.com\/1\/wp-json\/wp\/v2\/types\/post"}],"author":[{"embeddable":true,"href":"https:\/\/www.caririemacao.com\/1\/wp-json\/wp\/v2\/users\/2"}],"replies":[{"embeddable":true,"href":"https:\/\/www.caririemacao.com\/1\/wp-json\/wp\/v2\/comments?post=152729"}],"version-history":[{"count":2,"href":"https:\/\/www.caririemacao.com\/1\/wp-json\/wp\/v2\/posts\/152729\/revisions"}],"predecessor-version":[{"id":152732,"href":"https:\/\/www.caririemacao.com\/1\/wp-json\/wp\/v2\/posts\/152729\/revisions\/152732"}],"wp:featuredmedia":[{"embeddable":true,"href":"https:\/\/www.caririemacao.com\/1\/wp-json\/wp\/v2\/media\/152730"}],"wp:attachment":[{"href":"https:\/\/www.caririemacao.com\/1\/wp-json\/wp\/v2\/media?parent=152729"}],"wp:term":[{"taxonomy":"category","embeddable":true,"href":"https:\/\/www.caririemacao.com\/1\/wp-json\/wp\/v2\/categories?post=152729"},{"taxonomy":"post_tag","embeddable":true,"href":"https:\/\/www.caririemacao.com\/1\/wp-json\/wp\/v2\/tags?post=152729"}],"curies":[{"name":"wp","href":"https:\/\/api.w.org\/{rel}","templated":true}]}}