{"id":152734,"date":"2020-02-11T07:09:09","date_gmt":"2020-02-11T10:09:09","guid":{"rendered":"http:\/\/www.caririemacao.com\/1\/?p=152734"},"modified":"2020-02-11T07:09:10","modified_gmt":"2020-02-11T10:09:10","slug":"joao-azevedo-critica-impeachment-e-ve-golpe-caso-pedido-seja-aceito-na-alpb","status":"publish","type":"post","link":"https:\/\/www.caririemacao.com\/1\/2020\/02\/11\/joao-azevedo-critica-impeachment-e-ve-golpe-caso-pedido-seja-aceito-na-alpb\/","title":{"rendered":"Jo\u00e3o Azev\u00eado critica Impeachment e v\u00ea golpe caso pedido seja aceito na ALPB"},"content":{"rendered":"\n<p>O governador da Para\u00edba, Jo\u00e3o Azev\u00eado (Cidadania) endossou a critica feita pelo deputado federal, Dami\u00e3o Feliciano (PDT), a respeito do pedido de Impeachment protocolado pelo deputado Wallber Virgolino (Patriotas) na Assembleia Legislativa da Para\u00edba (ALPB). Jo\u00e3o recha\u00e7ou a pe\u00e7a tachando de excresc\u00eancia e disse que se o pedido for aceito pela Casa ser\u00e1 caracterizado como golpe.<\/p>\n\n\n\n<p>Jo\u00e3o defendeu a fala de Dami\u00e3o que teria acusado o presidente da Casa, Adriano Galdino (PSB) de ser protagonista do golpe. \u201cN\u00e3o vi dessa forma como [o rep\u00f3rter] est\u00e1 colocando. Dami\u00e3o fez uma leitura correta do processo que \u00e9 desprovido de qualquer subst\u00e2ncia jur\u00eddica que possa garantir o prosseguimento: primeiro que n\u00e3o se faz impeachment de duas pessoas ao mesmo tempo, segundo que para que haja um processo de Impeachment \u00e9 preciso que tenha havido crime de responsabilidade\u201d, disse.<\/p>\n\n\n\n<p>Para Jo\u00e3o, um processo desprovido de qualquer condi\u00e7\u00e3o jur\u00eddica \u00e9 uma excresc\u00eancia e continuou: \u201cdepende das atitudes e passos da Assembleia para saber se isso \u00e9 uma coisa pontual ou se existe um grupo de deputados interessados naquilo\u201d, afirmou.<\/p>\n\n\n\n<p>O gestor julgou a leitura feita por Dami\u00e3o, em rela\u00e7\u00e3o \u00e0 pe\u00e7a, correta. \u201cAquilo n\u00e3o existe, vamos avan\u00e7ar e aquilo ser\u00e1 arquivado. O presidente Adriano Galdino tem no\u00e7\u00e3o do que \u00e9 aquilo e do que representa para a democracia. Seria sim, caso tivesse prosseguimento, um golpe como foi dito pelo deputado\u201d, destacou.<\/p>\n\n\n\n<h2 class=\"wp-block-heading\"><strong>Mal estar entre poderes?<\/strong><\/h2>\n\n\n\n<p>Nenhum deputado compareceu \u00e0 cerim\u00f4nia de abertura do ano letivo 2020 da rede estadual de ensino. Questionado se isso representaria algum mal estar entre poderes, Jo\u00e3o negou: De forma alguma, se ningu\u00e9m veio \u00e9 porque sua agenda n\u00e3o deve ter permitido.<\/p>\n\n\n\n<p>Jo\u00e3o alegou que todos foram convocados, assim como \u00e9 feito em qualquer solenidade.<\/p>\n\n\n\n<p>O governador tamb\u00e9m refor\u00e7ou que confia na sua base na Assembleia. \u201cSem d\u00favidas\u201d, disse, alegando que o processo ser\u00e1 resolvido rapidamente e que tem uma boa rela\u00e7\u00e3o com o presidente da casa.<\/p>\n\n\n\n<p><em>Para\u00edba.com<\/em><\/p>\n","protected":false},"excerpt":{"rendered":"<p>O governador da Para\u00edba, Jo\u00e3o Azev\u00eado (Cidadania) endossou a critica feita pelo deputado federal, Dami\u00e3o Feliciano (PDT), a respeito do pedido de Impeachment protocolado pelo&hellip; <\/p>\n","protected":false},"author":2,"featured_media":152735,"comment_status":"closed","ping_status":"closed","sticky":false,"template":"","format":"standard","meta":{"sfsi_plus_gutenberg_text_before_share":"","sfsi_plus_gutenberg_show_text_before_share":"","sfsi_plus_gutenberg_icon_type":"","sfsi_plus_gutenberg_icon_alignemt":"","sfsi_plus_gutenburg_max_per_row":"","footnotes":""},"categories":[11],"tags":[],"class_list":["post-152734","post","type-post","status-publish","format-standard","has-post-thumbnail","hentry","category-politica"],"_links":{"self":[{"href":"https:\/\/www.caririemacao.com\/1\/wp-json\/wp\/v2\/posts\/152734","targetHints":{"allow":["GET"]}}],"collection":[{"href":"https:\/\/www.caririemacao.com\/1\/wp-json\/wp\/v2\/posts"}],"about":[{"href":"https:\/\/www.caririemacao.com\/1\/wp-json\/wp\/v2\/types\/post"}],"author":[{"embeddable":true,"href":"https:\/\/www.caririemacao.com\/1\/wp-json\/wp\/v2\/users\/2"}],"replies":[{"embeddable":true,"href":"https:\/\/www.caririemacao.com\/1\/wp-json\/wp\/v2\/comments?post=152734"}],"version-history":[{"count":1,"href":"https:\/\/www.caririemacao.com\/1\/wp-json\/wp\/v2\/posts\/152734\/revisions"}],"predecessor-version":[{"id":152736,"href":"https:\/\/www.caririemacao.com\/1\/wp-json\/wp\/v2\/posts\/152734\/revisions\/152736"}],"wp:featuredmedia":[{"embeddable":true,"href":"https:\/\/www.caririemacao.com\/1\/wp-json\/wp\/v2\/media\/152735"}],"wp:attachment":[{"href":"https:\/\/www.caririemacao.com\/1\/wp-json\/wp\/v2\/media?parent=152734"}],"wp:term":[{"taxonomy":"category","embeddable":true,"href":"https:\/\/www.caririemacao.com\/1\/wp-json\/wp\/v2\/categories?post=152734"},{"taxonomy":"post_tag","embeddable":true,"href":"https:\/\/www.caririemacao.com\/1\/wp-json\/wp\/v2\/tags?post=152734"}],"curies":[{"name":"wp","href":"https:\/\/api.w.org\/{rel}","templated":true}]}}