{"id":152738,"date":"2020-02-11T07:12:36","date_gmt":"2020-02-11T10:12:36","guid":{"rendered":"http:\/\/www.caririemacao.com\/1\/?p=152738"},"modified":"2020-02-11T07:12:38","modified_gmt":"2020-02-11T10:12:38","slug":"homem-morre-soterrado-apos-deslizamento-de-terra-em-cidade-da-paraiba","status":"publish","type":"post","link":"https:\/\/www.caririemacao.com\/1\/2020\/02\/11\/homem-morre-soterrado-apos-deslizamento-de-terra-em-cidade-da-paraiba\/","title":{"rendered":"Homem morre soterrado ap\u00f3s deslizamento de terra em cidade da Para\u00edba"},"content":{"rendered":"\n<p>Um homem de 46 anos morreu ap\u00f3s um deslizamento de terras em Esperan\u00e7a, no Agreste da Para\u00edba, na manh\u00e3 desta segunda-feira (10). De acordo com a Pol\u00edcia Militar, o homem estava retirando um material de constru\u00e7\u00e3o com o filho quando o deslizamento aconteceu e ele foi soterrado.<\/p>\n\n\n\n<p>Conforme o relato de familiares \u00e0 pol\u00edcia, o homem costumava retirar materiais do local e estava trabalhando com o filho.<\/p>\n\n\n\n<p>Segundo a pol\u00edcia, a v\u00edtima n\u00e3o usava equipamento de seguran\u00e7a quando o acidente aconteceu. O local tamb\u00e9m n\u00e3o tem nenhum tipo de regulamenta\u00e7\u00e3o que permite a retirada de materiais para constru\u00e7\u00e3o.<\/p>\n\n\n\n<p><em>G1 PB<\/em><\/p>\n","protected":false},"excerpt":{"rendered":"<p>Um homem de 46 anos morreu ap\u00f3s um deslizamento de terras em Esperan\u00e7a, no Agreste da Para\u00edba, na manh\u00e3 desta segunda-feira (10). De acordo com&hellip; <\/p>\n","protected":false},"author":2,"featured_media":152739,"comment_status":"closed","ping_status":"closed","sticky":false,"template":"","format":"standard","meta":{"sfsi_plus_gutenberg_text_before_share":"","sfsi_plus_gutenberg_show_text_before_share":"","sfsi_plus_gutenberg_icon_type":"","sfsi_plus_gutenberg_icon_alignemt":"","sfsi_plus_gutenburg_max_per_row":"","footnotes":""},"categories":[2],"tags":[],"class_list":["post-152738","post","type-post","status-publish","format-standard","has-post-thumbnail","hentry","category-geral"],"_links":{"self":[{"href":"https:\/\/www.caririemacao.com\/1\/wp-json\/wp\/v2\/posts\/152738","targetHints":{"allow":["GET"]}}],"collection":[{"href":"https:\/\/www.caririemacao.com\/1\/wp-json\/wp\/v2\/posts"}],"about":[{"href":"https:\/\/www.caririemacao.com\/1\/wp-json\/wp\/v2\/types\/post"}],"author":[{"embeddable":true,"href":"https:\/\/www.caririemacao.com\/1\/wp-json\/wp\/v2\/users\/2"}],"replies":[{"embeddable":true,"href":"https:\/\/www.caririemacao.com\/1\/wp-json\/wp\/v2\/comments?post=152738"}],"version-history":[{"count":1,"href":"https:\/\/www.caririemacao.com\/1\/wp-json\/wp\/v2\/posts\/152738\/revisions"}],"predecessor-version":[{"id":152740,"href":"https:\/\/www.caririemacao.com\/1\/wp-json\/wp\/v2\/posts\/152738\/revisions\/152740"}],"wp:featuredmedia":[{"embeddable":true,"href":"https:\/\/www.caririemacao.com\/1\/wp-json\/wp\/v2\/media\/152739"}],"wp:attachment":[{"href":"https:\/\/www.caririemacao.com\/1\/wp-json\/wp\/v2\/media?parent=152738"}],"wp:term":[{"taxonomy":"category","embeddable":true,"href":"https:\/\/www.caririemacao.com\/1\/wp-json\/wp\/v2\/categories?post=152738"},{"taxonomy":"post_tag","embeddable":true,"href":"https:\/\/www.caririemacao.com\/1\/wp-json\/wp\/v2\/tags?post=152738"}],"curies":[{"name":"wp","href":"https:\/\/api.w.org\/{rel}","templated":true}]}}