{"id":152742,"date":"2020-02-11T07:14:10","date_gmt":"2020-02-11T10:14:10","guid":{"rendered":"http:\/\/www.caririemacao.com\/1\/?p=152742"},"modified":"2020-02-11T07:14:12","modified_gmt":"2020-02-11T10:14:12","slug":"campus-do-ifpb-em-monteiro-lanca-o-edital-para-programa-da-assistencia-estudantil","status":"publish","type":"post","link":"https:\/\/www.caririemacao.com\/1\/2020\/02\/11\/campus-do-ifpb-em-monteiro-lanca-o-edital-para-programa-da-assistencia-estudantil\/","title":{"rendered":"Campus do IFPB em Monteiro lan\u00e7a o Edital para Programa da Assist\u00eancia Estudantil"},"content":{"rendered":"\n<p>A Dire\u00e7\u00e3o Geral do Campus Monteiro divulga o lan\u00e7amento do Edital n\u00ba&nbsp;11\/2020&nbsp;dos Programas da Assist\u00eancia Estudantil em 2020.<\/p>\n\n\n\n<p>A Pol\u00edtica de Assist\u00eancia Estudantil do IFPB tem como objetivo assegurar ao estudante que apresente necessidades educativas especiais condi\u00e7\u00f5es para seu amplo desenvolvimento acad\u00eamico, reduzindo os efeitos das desigualdades socioecon\u00f4micas e culturais.<\/p>\n\n\n\n<p>O edital 11\/2020 tem o objetivo de realizar a&nbsp;an\u00e1lise e\/ou rean\u00e1lise de \u00cdndice de Vulnerabilidade Social (IVS), a fim de se estabelecer este como meio de classifica\u00e7\u00e3o e sele\u00e7\u00e3o de estudantes.<\/p>\n\n\n\n<p>As informa\u00e7\u00f5es sobre a documenta\u00e7\u00e3o exigida voc\u00ea pode encontrar clicando em&nbsp;<a href=\"https:\/\/www.ifpb.edu.br\/monteiro\/editais\/direcao-geral\/2020\/edital-11-2020-politica-de-assistencia-estudantil-do-ifpb\/edital-11-2020-politica-de-assistencia-estudantil-1.pdf\">Edital n\u00ba 11\/2020.<\/a><\/p>\n","protected":false},"excerpt":{"rendered":"<p>A Dire\u00e7\u00e3o Geral do Campus Monteiro divulga o lan\u00e7amento do Edital n\u00ba&nbsp;11\/2020&nbsp;dos Programas da Assist\u00eancia Estudantil em 2020. A Pol\u00edtica de Assist\u00eancia Estudantil do IFPB&hellip; <\/p>\n","protected":false},"author":2,"featured_media":152743,"comment_status":"closed","ping_status":"closed","sticky":false,"template":"","format":"standard","meta":{"sfsi_plus_gutenberg_text_before_share":"","sfsi_plus_gutenberg_show_text_before_share":"","sfsi_plus_gutenberg_icon_type":"","sfsi_plus_gutenberg_icon_alignemt":"","sfsi_plus_gutenburg_max_per_row":"","footnotes":""},"categories":[2],"tags":[],"class_list":["post-152742","post","type-post","status-publish","format-standard","has-post-thumbnail","hentry","category-geral"],"_links":{"self":[{"href":"https:\/\/www.caririemacao.com\/1\/wp-json\/wp\/v2\/posts\/152742","targetHints":{"allow":["GET"]}}],"collection":[{"href":"https:\/\/www.caririemacao.com\/1\/wp-json\/wp\/v2\/posts"}],"about":[{"href":"https:\/\/www.caririemacao.com\/1\/wp-json\/wp\/v2\/types\/post"}],"author":[{"embeddable":true,"href":"https:\/\/www.caririemacao.com\/1\/wp-json\/wp\/v2\/users\/2"}],"replies":[{"embeddable":true,"href":"https:\/\/www.caririemacao.com\/1\/wp-json\/wp\/v2\/comments?post=152742"}],"version-history":[{"count":1,"href":"https:\/\/www.caririemacao.com\/1\/wp-json\/wp\/v2\/posts\/152742\/revisions"}],"predecessor-version":[{"id":152744,"href":"https:\/\/www.caririemacao.com\/1\/wp-json\/wp\/v2\/posts\/152742\/revisions\/152744"}],"wp:featuredmedia":[{"embeddable":true,"href":"https:\/\/www.caririemacao.com\/1\/wp-json\/wp\/v2\/media\/152743"}],"wp:attachment":[{"href":"https:\/\/www.caririemacao.com\/1\/wp-json\/wp\/v2\/media?parent=152742"}],"wp:term":[{"taxonomy":"category","embeddable":true,"href":"https:\/\/www.caririemacao.com\/1\/wp-json\/wp\/v2\/categories?post=152742"},{"taxonomy":"post_tag","embeddable":true,"href":"https:\/\/www.caririemacao.com\/1\/wp-json\/wp\/v2\/tags?post=152742"}],"curies":[{"name":"wp","href":"https:\/\/api.w.org\/{rel}","templated":true}]}}