{"id":152746,"date":"2020-02-11T07:15:36","date_gmt":"2020-02-11T10:15:36","guid":{"rendered":"http:\/\/www.caririemacao.com\/1\/?p=152746"},"modified":"2020-02-11T07:15:38","modified_gmt":"2020-02-11T10:15:38","slug":"saude-de-monteiro-inicia-campanha-nacional-de-vacinacao-contra-o-sarampo","status":"publish","type":"post","link":"https:\/\/www.caririemacao.com\/1\/2020\/02\/11\/saude-de-monteiro-inicia-campanha-nacional-de-vacinacao-contra-o-sarampo\/","title":{"rendered":"Sa\u00fade de Monteiro inicia Campanha Nacional de Vacina\u00e7\u00e3o contra o Sarampo."},"content":{"rendered":"\n<p>A Prefeitura de Monteiro, atrav\u00e9s da Secretaria de Sa\u00fade, esta realizando a partir desta segunda feira (10) a campanha de vacina\u00e7\u00e3o contra o sarampo no munic\u00edpio.<\/p>\n\n\n\n<p>A campanha nacional acontece at\u00e9 o dia 13 de mar\u00e7o. Em Monteiro a &nbsp;vacina\u00e7\u00e3o acontece em todas as unidades b\u00e1sicas de sa\u00fade e no departamento de Vigil\u00e2ncia em Sa\u00fade, sendo realizado no dia 15 de fevereiro &nbsp;o dia \u201cD\u201d da campanha, &nbsp;onde todos os postos estar\u00e3o atendendo a partir das 08 horas.<\/p>\n\n\n\n<p>A iniciativa do Minist\u00e9rio da Sa\u00fade \u00e9 destinada para pessoas de 5 a 19 anos de idade, que ainda n\u00e3o tomaram as duas doses indicadas para a faixa et\u00e1ria.<\/p>\n\n\n\n<p>A Secretaria de Sa\u00fade do munic\u00edpio alerta, que todas as pessoas que perderam a carteirinha de vacina\u00e7\u00e3o ou n\u00e3o t\u00eam registro das doses procurem o Centro de Sa\u00fade para atualizar o esquema vacinal.<\/p>\n\n\n\n<p>Quem tem at\u00e9 29 anos deve ter duas doses comprovadas em carteira de vacina\u00e7\u00e3o e dos 30 aos 59 anos, a recomenda\u00e7\u00e3o do Minist\u00e9rio da Sa\u00fade \u00e9 de uma dose.<br><\/p>\n","protected":false},"excerpt":{"rendered":"<p>A Prefeitura de Monteiro, atrav\u00e9s da Secretaria de Sa\u00fade, esta realizando a partir desta segunda feira (10) a campanha de vacina\u00e7\u00e3o contra o sarampo no&hellip; <\/p>\n","protected":false},"author":2,"featured_media":152747,"comment_status":"closed","ping_status":"closed","sticky":false,"template":"","format":"standard","meta":{"sfsi_plus_gutenberg_text_before_share":"","sfsi_plus_gutenberg_show_text_before_share":"","sfsi_plus_gutenberg_icon_type":"","sfsi_plus_gutenberg_icon_alignemt":"","sfsi_plus_gutenburg_max_per_row":"","footnotes":""},"categories":[16],"tags":[],"class_list":["post-152746","post","type-post","status-publish","format-standard","has-post-thumbnail","hentry","category-saude"],"_links":{"self":[{"href":"https:\/\/www.caririemacao.com\/1\/wp-json\/wp\/v2\/posts\/152746","targetHints":{"allow":["GET"]}}],"collection":[{"href":"https:\/\/www.caririemacao.com\/1\/wp-json\/wp\/v2\/posts"}],"about":[{"href":"https:\/\/www.caririemacao.com\/1\/wp-json\/wp\/v2\/types\/post"}],"author":[{"embeddable":true,"href":"https:\/\/www.caririemacao.com\/1\/wp-json\/wp\/v2\/users\/2"}],"replies":[{"embeddable":true,"href":"https:\/\/www.caririemacao.com\/1\/wp-json\/wp\/v2\/comments?post=152746"}],"version-history":[{"count":1,"href":"https:\/\/www.caririemacao.com\/1\/wp-json\/wp\/v2\/posts\/152746\/revisions"}],"predecessor-version":[{"id":152748,"href":"https:\/\/www.caririemacao.com\/1\/wp-json\/wp\/v2\/posts\/152746\/revisions\/152748"}],"wp:featuredmedia":[{"embeddable":true,"href":"https:\/\/www.caririemacao.com\/1\/wp-json\/wp\/v2\/media\/152747"}],"wp:attachment":[{"href":"https:\/\/www.caririemacao.com\/1\/wp-json\/wp\/v2\/media?parent=152746"}],"wp:term":[{"taxonomy":"category","embeddable":true,"href":"https:\/\/www.caririemacao.com\/1\/wp-json\/wp\/v2\/categories?post=152746"},{"taxonomy":"post_tag","embeddable":true,"href":"https:\/\/www.caririemacao.com\/1\/wp-json\/wp\/v2\/tags?post=152746"}],"curies":[{"name":"wp","href":"https:\/\/api.w.org\/{rel}","templated":true}]}}