{"id":152750,"date":"2020-02-11T07:16:51","date_gmt":"2020-02-11T10:16:51","guid":{"rendered":"http:\/\/www.caririemacao.com\/1\/?p=152750"},"modified":"2020-02-11T07:16:53","modified_gmt":"2020-02-11T10:16:53","slug":"instituicoes-procuram-governo-do-estado-em-luta-por-gratuidade-de-passagens-intermunicipais-para-portadores-de-cancer","status":"publish","type":"post","link":"https:\/\/www.caririemacao.com\/1\/2020\/02\/11\/instituicoes-procuram-governo-do-estado-em-luta-por-gratuidade-de-passagens-intermunicipais-para-portadores-de-cancer\/","title":{"rendered":"Institui\u00e7\u00f5es procuram governo do Estado em luta por gratuidade de passagens intermunicipais para portadores de c\u00e2ncer"},"content":{"rendered":"\n<p>O Secret\u00e1rio de Desenvolvimento Humano do Estado da Para\u00edba, Tib\u00e9rio Limeira, recebeu nesta segunda-feira (10) representantes de institui\u00e7\u00f5es organizadas em luta pela gratuidade do transporte intermunicipal para portadores de c\u00e2ncer. Participaram integrantes do Instituto Vem Cuidar de Mim, Rede Feminina de Combate ao C\u00e2ncer, Donos do Amanh\u00e3 e Casa do Menor com C\u00e2ncer.&nbsp;<\/p>\n\n\n\n<p>As institui\u00e7\u00f5es solicitaram que o governador Jo\u00e3o Azev\u00eado apresente uma Medida Provis\u00f3ria na ALPB que reestabele\u00e7a a gratuidade nos transportes intermunicipais para os portadores de c\u00e2ncer.<\/p>\n\n\n\n<p>De acordo com Jo\u00e3o Eduardo, do Instituto Vem Cuidar de Mim, \u201cesta decis\u00e3o em muitos casos inviabiliza a continuidade do tratamento para muitos portadores de c\u00e2ncer, de extrema situa\u00e7\u00e3o de car\u00eancia e que residem distante desses hospitais de refer\u00eancia, trazendo a eles um grande risco de morte, pois o poder p\u00fablico n\u00e3o oferta o tratamento em regi\u00f5es pr\u00f3ximas a sua moradia.\u201d<\/p>\n\n\n\n<p>Na pr\u00f3xima sexta-feira (14), as institui\u00e7\u00f5es v\u00e3o realizar um protesto em frente ao Hospital Laureano em apelo pela gratuidade dos transportes intermunicipais para os portadores de c\u00e2ncer.<\/p>\n","protected":false},"excerpt":{"rendered":"<p>O Secret\u00e1rio de Desenvolvimento Humano do Estado da Para\u00edba, Tib\u00e9rio Limeira, recebeu nesta segunda-feira (10) representantes de institui\u00e7\u00f5es organizadas em luta pela gratuidade do transporte&hellip; <\/p>\n","protected":false},"author":2,"featured_media":152751,"comment_status":"closed","ping_status":"closed","sticky":false,"template":"","format":"standard","meta":{"sfsi_plus_gutenberg_text_before_share":"","sfsi_plus_gutenberg_show_text_before_share":"","sfsi_plus_gutenberg_icon_type":"","sfsi_plus_gutenberg_icon_alignemt":"","sfsi_plus_gutenburg_max_per_row":"","footnotes":""},"categories":[2],"tags":[],"class_list":["post-152750","post","type-post","status-publish","format-standard","has-post-thumbnail","hentry","category-geral"],"_links":{"self":[{"href":"https:\/\/www.caririemacao.com\/1\/wp-json\/wp\/v2\/posts\/152750","targetHints":{"allow":["GET"]}}],"collection":[{"href":"https:\/\/www.caririemacao.com\/1\/wp-json\/wp\/v2\/posts"}],"about":[{"href":"https:\/\/www.caririemacao.com\/1\/wp-json\/wp\/v2\/types\/post"}],"author":[{"embeddable":true,"href":"https:\/\/www.caririemacao.com\/1\/wp-json\/wp\/v2\/users\/2"}],"replies":[{"embeddable":true,"href":"https:\/\/www.caririemacao.com\/1\/wp-json\/wp\/v2\/comments?post=152750"}],"version-history":[{"count":1,"href":"https:\/\/www.caririemacao.com\/1\/wp-json\/wp\/v2\/posts\/152750\/revisions"}],"predecessor-version":[{"id":152752,"href":"https:\/\/www.caririemacao.com\/1\/wp-json\/wp\/v2\/posts\/152750\/revisions\/152752"}],"wp:featuredmedia":[{"embeddable":true,"href":"https:\/\/www.caririemacao.com\/1\/wp-json\/wp\/v2\/media\/152751"}],"wp:attachment":[{"href":"https:\/\/www.caririemacao.com\/1\/wp-json\/wp\/v2\/media?parent=152750"}],"wp:term":[{"taxonomy":"category","embeddable":true,"href":"https:\/\/www.caririemacao.com\/1\/wp-json\/wp\/v2\/categories?post=152750"},{"taxonomy":"post_tag","embeddable":true,"href":"https:\/\/www.caririemacao.com\/1\/wp-json\/wp\/v2\/tags?post=152750"}],"curies":[{"name":"wp","href":"https:\/\/api.w.org\/{rel}","templated":true}]}}