{"id":152758,"date":"2020-02-11T07:22:43","date_gmt":"2020-02-11T10:22:43","guid":{"rendered":"http:\/\/www.caririemacao.com\/1\/?p=152758"},"modified":"2020-02-11T07:22:44","modified_gmt":"2020-02-11T10:22:44","slug":"joao-azevedo-vai-ate-brasilia-para-debater-isencao-fiscal-de-combustiveis-e-reforma-tributaria-com-governadores-do-ne","status":"publish","type":"post","link":"https:\/\/www.caririemacao.com\/1\/2020\/02\/11\/joao-azevedo-vai-ate-brasilia-para-debater-isencao-fiscal-de-combustiveis-e-reforma-tributaria-com-governadores-do-ne\/","title":{"rendered":"Jo\u00e3o Azev\u00eado vai at\u00e9 Bras\u00edlia para debater isen\u00e7\u00e3o fiscal de combust\u00edveis e Reforma Tribut\u00e1ria com governadores do NE"},"content":{"rendered":"\n<p>O governador Jo\u00e3o Azev\u00eado vai at\u00e9 Bras\u00edlia para debater isen\u00e7\u00e3o fiscal de combust\u00edveis e Reforma Tribut\u00e1ria com governadores do NE. Ele&nbsp;confirmou, nesta segunda-feira (10), durante o programa Fala Governador, a sua participa\u00e7\u00e3o no F\u00f3rum de Governadores do pa\u00eds e no F\u00f3rum dos Governadores do Nordeste que acontecem nesta ter\u00e7a-feira (11), em Bras\u00edlia. J\u00e1 na quarta-feira (12), o chefe do Executivo estadual se re\u00fane com o ministro da Economia, Paulo Guedes.<\/p>\n\n\n\n<p>Ainda ser\u00e3o discutidos o Fundo de Participa\u00e7\u00e3o dos Estados (FPE), o Plano Mais Brasil (Plano Mansueto), a securitiza\u00e7\u00e3o e a distribui\u00e7\u00e3o dos royalties de petr\u00f3leo.<br><\/p>\n\n\n\n<p>\u201cTeremos uma agenda intensa em Bras\u00edlia. Pela manh\u00e3, haver\u00e1 a reuni\u00e3o com todos os governadores do Brasil e \u00e0 tarde ter\u00e1 o F\u00f3rum de Governadores do Nordeste. J\u00e1 na quarta-feira (12), vamos nos reunir com o ministro Paulo Guedes para discutir a quest\u00e3o dos empr\u00e9stimos que o estado tem trabalhado. Teremos ainda agenda em outros minist\u00e9rios e na Procuradoria Geral do Trabalho em fun\u00e7\u00e3o de algumas a\u00e7\u00f5es e programas que est\u00e3o sendo implementados\u201d, explicou o governador.&nbsp;<\/p>\n\n\n\n<p>Ele ainda acrescentou: \u201c\u00c9 uma agenda forte para que a gente possa continuar buscando investimentos, estabelecendo novas rela\u00e7\u00f5es. Tivemos mudan\u00e7a no minist\u00e9rio de Desenvolvimento Regional e precisamos reapresentar a Para\u00edba ao novo ministro, dizer o que avan\u00e7amos e temos como pleitos. Enfim, queremos fazer com que a Para\u00edba continue avan\u00e7ando e produzindo uma vida melhor para os paraibanos\u201d.<\/p>\n\n\n\n<p>F\u00f3rum nacional \u2013 Este ser\u00e1 o primeiro F\u00f3rum de Governadores do ano e ter\u00e1 como principais temas a Seguran\u00e7a P\u00fablica; o pre\u00e7o dos combust\u00edveis; e a renova\u00e7\u00e3o do Fundo de Manuten\u00e7\u00e3o e Desenvolvimento da Educa\u00e7\u00e3o B\u00e1sica e de Valoriza\u00e7\u00e3o dos Profissionais da Educa\u00e7\u00e3o (Fundeb). O evento est\u00e1 marcado para 9h no edif\u00edcio-sede do Banco do Brasil, na Asa Norte, em Bras\u00edlia.<\/p>\n","protected":false},"excerpt":{"rendered":"<p>O governador Jo\u00e3o Azev\u00eado vai at\u00e9 Bras\u00edlia para debater isen\u00e7\u00e3o fiscal de combust\u00edveis e Reforma Tribut\u00e1ria com governadores do NE. Ele&nbsp;confirmou, nesta segunda-feira (10), durante&hellip; <\/p>\n","protected":false},"author":2,"featured_media":152463,"comment_status":"closed","ping_status":"closed","sticky":false,"template":"","format":"standard","meta":{"sfsi_plus_gutenberg_text_before_share":"","sfsi_plus_gutenberg_show_text_before_share":"","sfsi_plus_gutenberg_icon_type":"","sfsi_plus_gutenberg_icon_alignemt":"","sfsi_plus_gutenburg_max_per_row":"","footnotes":""},"categories":[2],"tags":[],"class_list":["post-152758","post","type-post","status-publish","format-standard","has-post-thumbnail","hentry","category-geral"],"_links":{"self":[{"href":"https:\/\/www.caririemacao.com\/1\/wp-json\/wp\/v2\/posts\/152758","targetHints":{"allow":["GET"]}}],"collection":[{"href":"https:\/\/www.caririemacao.com\/1\/wp-json\/wp\/v2\/posts"}],"about":[{"href":"https:\/\/www.caririemacao.com\/1\/wp-json\/wp\/v2\/types\/post"}],"author":[{"embeddable":true,"href":"https:\/\/www.caririemacao.com\/1\/wp-json\/wp\/v2\/users\/2"}],"replies":[{"embeddable":true,"href":"https:\/\/www.caririemacao.com\/1\/wp-json\/wp\/v2\/comments?post=152758"}],"version-history":[{"count":1,"href":"https:\/\/www.caririemacao.com\/1\/wp-json\/wp\/v2\/posts\/152758\/revisions"}],"predecessor-version":[{"id":152759,"href":"https:\/\/www.caririemacao.com\/1\/wp-json\/wp\/v2\/posts\/152758\/revisions\/152759"}],"wp:featuredmedia":[{"embeddable":true,"href":"https:\/\/www.caririemacao.com\/1\/wp-json\/wp\/v2\/media\/152463"}],"wp:attachment":[{"href":"https:\/\/www.caririemacao.com\/1\/wp-json\/wp\/v2\/media?parent=152758"}],"wp:term":[{"taxonomy":"category","embeddable":true,"href":"https:\/\/www.caririemacao.com\/1\/wp-json\/wp\/v2\/categories?post=152758"},{"taxonomy":"post_tag","embeddable":true,"href":"https:\/\/www.caririemacao.com\/1\/wp-json\/wp\/v2\/tags?post=152758"}],"curies":[{"name":"wp","href":"https:\/\/api.w.org\/{rel}","templated":true}]}}