{"id":152761,"date":"2020-02-11T07:24:09","date_gmt":"2020-02-11T10:24:09","guid":{"rendered":"http:\/\/www.caririemacao.com\/1\/?p=152761"},"modified":"2020-02-11T07:24:11","modified_gmt":"2020-02-11T10:24:11","slug":"apos-atraso-do-mec-ufpb-informa-que-primeira-convocacao-da-lista-de-espera-na-universidade-sera-feita-ate-dia-14","status":"publish","type":"post","link":"https:\/\/www.caririemacao.com\/1\/2020\/02\/11\/apos-atraso-do-mec-ufpb-informa-que-primeira-convocacao-da-lista-de-espera-na-universidade-sera-feita-ate-dia-14\/","title":{"rendered":"Ap\u00f3s atraso do MEC, UFPB informa que primeira convoca\u00e7\u00e3o da lista de espera na universidade ser\u00e1 feita at\u00e9 dia 14"},"content":{"rendered":"\n<p>A Universidade Federal da Para\u00edba (UFPB) informou que divulgar\u00e1 at\u00e9 sexta-feira (14) a primeira convoca\u00e7\u00e3o da lista de espera do Sistema de Sele\u00e7\u00e3o Unificada (Sisu) do primeiro semestre de 2020. A divulga\u00e7\u00e3o ser\u00e1 feita no site da Pr\u00f3-reitoria de Gradua\u00e7\u00e3o (PRG) da institui\u00e7\u00e3o.<\/p>\n\n\n\n<p>No edital, haver\u00e1 informa\u00e7\u00f5es detalhadas sobre dia, local e documenta\u00e7\u00e3o necess\u00e1ria para a pr\u00e9-matr\u00edcula. At\u00e9 30 de abril, duas novas chamadas devem ser realizadas.<\/p>\n\n\n\n<p>&#8220;Com a divulga\u00e7\u00e3o, na tarde desta segunda-feira (10), da lista de espera pelo Instituto Nacional de Estudos e Pesquisas (Inep), a UFPB far\u00e1 os procedimentos necess\u00e1rios de recep\u00e7\u00e3o da lista, processamento dos dados e ajustes de calend\u00e1rios de chamadas&#8221;, explica a pr\u00f3-reitora de gradua\u00e7\u00e3o Ariane S\u00e1.<\/p>\n\n\n\n<p>Ela lembra que o semestre letivo come\u00e7ar\u00e1 em abril, bem depois das outras universidades, que iniciar\u00e3o no final de fevereiro. E, por esse motivo, argumenta que n\u00e3o deve haver p\u00e2nico entre os candidatos por causa do atraso no calend\u00e1rio de divulga\u00e7\u00f5es de convocados. &#8220;Ainda estamos no prazo, porque come\u00e7aremos as aulas em 23 de abril. At\u00e9 l\u00e1, faremos as outras chamadas&#8221;.<\/p>\n\n\n\n<p>Ainda segundo a pr\u00f3-reitora, os selecionados devem permanecer atentos aos&nbsp;<a href=\"http:\/\/www.prg.ufpb.br\/\">sites e redes sociais da PRG<\/a>&nbsp;e da UFPB, porque quem n\u00e3o comparecer \u00e0s convoca\u00e7\u00f5es na data e dia previstos poder\u00e1 perder a vaga. As remanescentes dever\u00e3o ser ofertadas na segunda edi\u00e7\u00e3o do Sisu 2020.<\/p>\n","protected":false},"excerpt":{"rendered":"<p>A Universidade Federal da Para\u00edba (UFPB) informou que divulgar\u00e1 at\u00e9 sexta-feira (14) a primeira convoca\u00e7\u00e3o da lista de espera do Sistema de Sele\u00e7\u00e3o Unificada (Sisu)&hellip; <\/p>\n","protected":false},"author":2,"featured_media":149112,"comment_status":"closed","ping_status":"closed","sticky":false,"template":"","format":"standard","meta":{"sfsi_plus_gutenberg_text_before_share":"","sfsi_plus_gutenberg_show_text_before_share":"","sfsi_plus_gutenberg_icon_type":"","sfsi_plus_gutenberg_icon_alignemt":"","sfsi_plus_gutenburg_max_per_row":"","footnotes":""},"categories":[50,2],"tags":[],"class_list":["post-152761","post","type-post","status-publish","format-standard","has-post-thumbnail","hentry","category-destaque","category-geral"],"_links":{"self":[{"href":"https:\/\/www.caririemacao.com\/1\/wp-json\/wp\/v2\/posts\/152761","targetHints":{"allow":["GET"]}}],"collection":[{"href":"https:\/\/www.caririemacao.com\/1\/wp-json\/wp\/v2\/posts"}],"about":[{"href":"https:\/\/www.caririemacao.com\/1\/wp-json\/wp\/v2\/types\/post"}],"author":[{"embeddable":true,"href":"https:\/\/www.caririemacao.com\/1\/wp-json\/wp\/v2\/users\/2"}],"replies":[{"embeddable":true,"href":"https:\/\/www.caririemacao.com\/1\/wp-json\/wp\/v2\/comments?post=152761"}],"version-history":[{"count":1,"href":"https:\/\/www.caririemacao.com\/1\/wp-json\/wp\/v2\/posts\/152761\/revisions"}],"predecessor-version":[{"id":152762,"href":"https:\/\/www.caririemacao.com\/1\/wp-json\/wp\/v2\/posts\/152761\/revisions\/152762"}],"wp:featuredmedia":[{"embeddable":true,"href":"https:\/\/www.caririemacao.com\/1\/wp-json\/wp\/v2\/media\/149112"}],"wp:attachment":[{"href":"https:\/\/www.caririemacao.com\/1\/wp-json\/wp\/v2\/media?parent=152761"}],"wp:term":[{"taxonomy":"category","embeddable":true,"href":"https:\/\/www.caririemacao.com\/1\/wp-json\/wp\/v2\/categories?post=152761"},{"taxonomy":"post_tag","embeddable":true,"href":"https:\/\/www.caririemacao.com\/1\/wp-json\/wp\/v2\/tags?post=152761"}],"curies":[{"name":"wp","href":"https:\/\/api.w.org\/{rel}","templated":true}]}}