{"id":152764,"date":"2020-02-11T07:25:26","date_gmt":"2020-02-11T10:25:26","guid":{"rendered":"http:\/\/www.caririemacao.com\/1\/?p=152764"},"modified":"2020-02-11T07:25:28","modified_gmt":"2020-02-11T10:25:28","slug":"temporal-com-ventania-causa-danos-e-estragos-no-sertao-da-paraiba","status":"publish","type":"post","link":"https:\/\/www.caririemacao.com\/1\/2020\/02\/11\/temporal-com-ventania-causa-danos-e-estragos-no-sertao-da-paraiba\/","title":{"rendered":"Temporal com ventania causa danos e estragos no Sert\u00e3o da Para\u00edba"},"content":{"rendered":"\n<p>Diversas \u00e1rvores desabaram, causando danos a ve\u00edculos, \u00e0 rede el\u00e9trica e transtornos \u00e0 popula\u00e7\u00e3o ap\u00f3s ventania e chuva neste domingo (9), em Patos, no Sert\u00e3o da Para\u00edba.<\/p>\n\n\n\n<p>No Centro de Patos, na R. Pedro Caetano, uma \u00e1rvore centen\u00e1ria desabou ap\u00f3s os fortes ventos, atingindo um ve\u00edculo e rompendo fios da rede el\u00e9trica.<\/p>\n\n\n\n<p>Na Pra\u00e7a do F\u00f3rum Bivar Olyntho, uma \u00e1rvore foi ao ch\u00e3o ap\u00f3s a ventania.&nbsp;<\/p>\n\n\n\n<p>Guarni\u00e7\u00f5es do 4\u00ba Batalh\u00e3o do Bombeiro Militar (4\u00ba BBM) foram acionadas para ajudar na remo\u00e7\u00e3o da \u00e1rvore sobre os ve\u00edculos na Rua Pedro Caetano. Partes do Centro da cidade ficaram sem energia el\u00e9trica.<\/p>\n\n\n\n<p>Confira imagens:<\/p>\n\n\n\n<figure class=\"wp-block-image\"><img decoding=\"async\" data-src=\"https:\/\/www.clickpb.com.br\/media\/filer_public\/c9\/76\/c976ee35-c79a-4b67-a14c-01e264109020\/img-20200210-wa0103.jpg\" alt=\"\" src=\"data:image\/svg+xml;base64,PHN2ZyB3aWR0aD0iMSIgaGVpZ2h0PSIxIiB4bWxucz0iaHR0cDovL3d3dy53My5vcmcvMjAwMC9zdmciPjwvc3ZnPg==\" class=\"lazyload\" \/><\/figure>\n\n\n\n<figure class=\"wp-block-image\"><img decoding=\"async\" data-src=\"https:\/\/www.clickpb.com.br\/media\/filer_public\/bb\/af\/bbafc0b2-a696-4fb6-926b-a05d9fd7c440\/img-20200210-wa0119.jpg\" alt=\"\" src=\"data:image\/svg+xml;base64,PHN2ZyB3aWR0aD0iMSIgaGVpZ2h0PSIxIiB4bWxucz0iaHR0cDovL3d3dy53My5vcmcvMjAwMC9zdmciPjwvc3ZnPg==\" class=\"lazyload\" \/><\/figure>\n\n\n\n<figure class=\"wp-block-image\"><img decoding=\"async\" data-src=\"https:\/\/www.clickpb.com.br\/media\/filer_public\/1d\/cc\/1dccbfb0-1321-4aa9-ac7c-abc8e8da8ebd\/screenshot_2020-02-10-16-35-54-062_comwhatsapp.jpg\" alt=\"\" src=\"data:image\/svg+xml;base64,PHN2ZyB3aWR0aD0iMSIgaGVpZ2h0PSIxIiB4bWxucz0iaHR0cDovL3d3dy53My5vcmcvMjAwMC9zdmciPjwvc3ZnPg==\" class=\"lazyload\" \/><\/figure>\n","protected":false},"excerpt":{"rendered":"<p>Diversas \u00e1rvores desabaram, causando danos a ve\u00edculos, \u00e0 rede el\u00e9trica e transtornos \u00e0 popula\u00e7\u00e3o ap\u00f3s ventania e chuva neste domingo (9), em Patos, no Sert\u00e3o&hellip; <\/p>\n","protected":false},"author":2,"featured_media":152765,"comment_status":"closed","ping_status":"closed","sticky":false,"template":"","format":"standard","meta":{"sfsi_plus_gutenberg_text_before_share":"","sfsi_plus_gutenberg_show_text_before_share":"","sfsi_plus_gutenberg_icon_type":"","sfsi_plus_gutenberg_icon_alignemt":"","sfsi_plus_gutenburg_max_per_row":"","footnotes":""},"categories":[2],"tags":[],"class_list":["post-152764","post","type-post","status-publish","format-standard","has-post-thumbnail","hentry","category-geral"],"_links":{"self":[{"href":"https:\/\/www.caririemacao.com\/1\/wp-json\/wp\/v2\/posts\/152764","targetHints":{"allow":["GET"]}}],"collection":[{"href":"https:\/\/www.caririemacao.com\/1\/wp-json\/wp\/v2\/posts"}],"about":[{"href":"https:\/\/www.caririemacao.com\/1\/wp-json\/wp\/v2\/types\/post"}],"author":[{"embeddable":true,"href":"https:\/\/www.caririemacao.com\/1\/wp-json\/wp\/v2\/users\/2"}],"replies":[{"embeddable":true,"href":"https:\/\/www.caririemacao.com\/1\/wp-json\/wp\/v2\/comments?post=152764"}],"version-history":[{"count":1,"href":"https:\/\/www.caririemacao.com\/1\/wp-json\/wp\/v2\/posts\/152764\/revisions"}],"predecessor-version":[{"id":152766,"href":"https:\/\/www.caririemacao.com\/1\/wp-json\/wp\/v2\/posts\/152764\/revisions\/152766"}],"wp:featuredmedia":[{"embeddable":true,"href":"https:\/\/www.caririemacao.com\/1\/wp-json\/wp\/v2\/media\/152765"}],"wp:attachment":[{"href":"https:\/\/www.caririemacao.com\/1\/wp-json\/wp\/v2\/media?parent=152764"}],"wp:term":[{"taxonomy":"category","embeddable":true,"href":"https:\/\/www.caririemacao.com\/1\/wp-json\/wp\/v2\/categories?post=152764"},{"taxonomy":"post_tag","embeddable":true,"href":"https:\/\/www.caririemacao.com\/1\/wp-json\/wp\/v2\/tags?post=152764"}],"curies":[{"name":"wp","href":"https:\/\/api.w.org\/{rel}","templated":true}]}}