{"id":152768,"date":"2020-02-11T07:26:55","date_gmt":"2020-02-11T10:26:55","guid":{"rendered":"http:\/\/www.caririemacao.com\/1\/?p=152768"},"modified":"2020-02-11T07:26:57","modified_gmt":"2020-02-11T10:26:57","slug":"ufcg-abre-inscricoes-para-350-vagas-gratuitas-no-curso-pre-vestibular-solidario","status":"publish","type":"post","link":"https:\/\/www.caririemacao.com\/1\/2020\/02\/11\/ufcg-abre-inscricoes-para-350-vagas-gratuitas-no-curso-pre-vestibular-solidario\/","title":{"rendered":"UFCG abre inscri\u00e7\u00f5es para 350 vagas gratuitas no curso Pr\u00e9-Vestibular Solid\u00e1rio"},"content":{"rendered":"\n<p>A Universidade Federal de Campina Grande abriu, nesta segunda-feira (10), inscri\u00e7\u00f5es para o Pr\u00e9-Vestibular Solid\u00e1rio. S\u00e3o oferecidas 350 vagas, sendo 25 reservadas para Pessoas com Defici\u00eancia (PcD) e 25 para idosos.<\/p>\n\n\n\n<p>O objetivo \u00e9 preparar jovens para o Exame Nacional do Ensino M\u00e9dio (ENEM). Para participar \u00e9 preciso ter conclu\u00eddo o Ensino M\u00e9dio em escola p\u00fablica, ou ser concluinte em 2020, ou ter sido bolsista integral em escola particular.<\/p>\n\n\n\n<p>Os interessados podem se inscrever at\u00e9 a sexta-feira (14). As aulas acontecer\u00e3o no campus Campina Grande.<br><a href=\"https:\/\/www.clickpb.com.br\/media\/filer_public\/f6\/1e\/f61e61fc-4395-4bd0-af39-92c99b9ae76b\/edital-propex-01-2020-pvs-campina-grande.pdf\">Confira edital do Pr\u00e9-Vestibular Solid\u00e1rio da UFCG<\/a><\/p>\n\n\n\n<p>O candidato dever\u00e1 pagar uma taxa de R$ 10, no ato da inscri\u00e7\u00e3o, e levar c\u00f3pias do RG, hist\u00f3rico do Ensino M\u00e9dio ou declara\u00e7\u00e3o de conclus\u00e3o (para os que ir\u00e3o concluir o curso em 2020), al\u00e9m de 100 folhas de papel of\u00edcio (tipo A4).<\/p>\n\n\n\n<p>As inscri\u00e7\u00f5es est\u00e3o sendo feitas no Hall da Biblioteca Central da UFCG, campus Campina Grande,&nbsp; das 8h30 \u00e0s 12h e das 14h \u00e0s 17h.<\/p>\n\n\n\n<p>A sele\u00e7\u00e3o ser\u00e1 feita atrav\u00e9s de sorteio (exceto PcD e idosos), aberto a todos os candidatos, a ser realizado no dia 15 de fevereiro, \u00e0s 14h30, no Gin\u00e1sio de Esportes da UFCG.<\/p>\n\n\n\n<p>As matr\u00edculas acontecer\u00e3o de 17 a 21 de fevereiro e de 2 a 6 de mar\u00e7o. As aulas ter\u00e3o in\u00edcio no dia 9 de mar\u00e7o, no 3\u00ba andar do Bloco CAA (em frente \u00e0 Biblioteca Central), de segunda a sexta, das 18h30 \u00e0s 21h30.<\/p>\n","protected":false},"excerpt":{"rendered":"<p>A Universidade Federal de Campina Grande abriu, nesta segunda-feira (10), inscri\u00e7\u00f5es para o Pr\u00e9-Vestibular Solid\u00e1rio. S\u00e3o oferecidas 350 vagas, sendo 25 reservadas para Pessoas com&hellip; <\/p>\n","protected":false},"author":2,"featured_media":152365,"comment_status":"closed","ping_status":"closed","sticky":false,"template":"","format":"standard","meta":{"sfsi_plus_gutenberg_text_before_share":"","sfsi_plus_gutenberg_show_text_before_share":"","sfsi_plus_gutenberg_icon_type":"","sfsi_plus_gutenberg_icon_alignemt":"","sfsi_plus_gutenburg_max_per_row":"","footnotes":""},"categories":[2],"tags":[],"class_list":["post-152768","post","type-post","status-publish","format-standard","has-post-thumbnail","hentry","category-geral"],"_links":{"self":[{"href":"https:\/\/www.caririemacao.com\/1\/wp-json\/wp\/v2\/posts\/152768","targetHints":{"allow":["GET"]}}],"collection":[{"href":"https:\/\/www.caririemacao.com\/1\/wp-json\/wp\/v2\/posts"}],"about":[{"href":"https:\/\/www.caririemacao.com\/1\/wp-json\/wp\/v2\/types\/post"}],"author":[{"embeddable":true,"href":"https:\/\/www.caririemacao.com\/1\/wp-json\/wp\/v2\/users\/2"}],"replies":[{"embeddable":true,"href":"https:\/\/www.caririemacao.com\/1\/wp-json\/wp\/v2\/comments?post=152768"}],"version-history":[{"count":1,"href":"https:\/\/www.caririemacao.com\/1\/wp-json\/wp\/v2\/posts\/152768\/revisions"}],"predecessor-version":[{"id":152769,"href":"https:\/\/www.caririemacao.com\/1\/wp-json\/wp\/v2\/posts\/152768\/revisions\/152769"}],"wp:featuredmedia":[{"embeddable":true,"href":"https:\/\/www.caririemacao.com\/1\/wp-json\/wp\/v2\/media\/152365"}],"wp:attachment":[{"href":"https:\/\/www.caririemacao.com\/1\/wp-json\/wp\/v2\/media?parent=152768"}],"wp:term":[{"taxonomy":"category","embeddable":true,"href":"https:\/\/www.caririemacao.com\/1\/wp-json\/wp\/v2\/categories?post=152768"},{"taxonomy":"post_tag","embeddable":true,"href":"https:\/\/www.caririemacao.com\/1\/wp-json\/wp\/v2\/tags?post=152768"}],"curies":[{"name":"wp","href":"https:\/\/api.w.org\/{rel}","templated":true}]}}