{"id":152771,"date":"2020-02-11T08:47:23","date_gmt":"2020-02-11T11:47:23","guid":{"rendered":"http:\/\/www.caririemacao.com\/1\/?p=152771"},"modified":"2020-02-11T08:47:25","modified_gmt":"2020-02-11T11:47:25","slug":"temer-diz-que-democracia-em-vertigem-e-mais-ficcao-que-documentario","status":"publish","type":"post","link":"https:\/\/www.caririemacao.com\/1\/2020\/02\/11\/temer-diz-que-democracia-em-vertigem-e-mais-ficcao-que-documentario\/","title":{"rendered":"Temer diz que &#8216;Democracia em Vertigem&#8217; \u00e9 mais fic\u00e7\u00e3o que document\u00e1rio"},"content":{"rendered":"\n<p>Michel Temer viu &#8220;Democracia em Vertigem&#8221; e n\u00e3o gostou. O ex-presidente da Rep\u00fablica afirmou \u00e0 reportagem que o document\u00e1rio brasileiro, que o pinta como vil\u00e3o e foi derrotado neste domingo (9) na disputa pelo Oscar, est\u00e1 mais para fic\u00e7\u00e3o do que para realidade.<\/p>\n\n\n\n<p>&#8220;As imagens s\u00e3o reais, [o document\u00e1rio \u00e9] muito bem fotografado, muito bem produzido, entretanto, h\u00e1 uma postura pol\u00edtico-partid\u00e1ria e pessoal que retira a credibilidade do filme&#8221;, disse o l\u00edder do MDB em comunicado enviado pela assessoria.<\/p>\n\n\n\n<p>Temer, que assumiu o Planalto ap\u00f3s o impeachment de Dilma Rousseff (PT) \u2013&nbsp;fato pol\u00edtico central do document\u00e1rio dirigido pela cineasta Petra Costa \u2013 preferiu n\u00e3o dar entrevista, mas se manifestou sobre a produ\u00e7\u00e3o via nota.<\/p>\n\n\n\n<p>Para o ex-presidente, que tamb\u00e9m \u00e9 especialista em direito constitucional, &#8220;ela [Petra] trabalha com uma vis\u00e3o equivocada do Estado de Direito e n\u00e3o com uma vis\u00e3o jur\u00eddico-constitucional. Aproxima-se mais de fic\u00e7\u00e3o do que document\u00e1rio&#8221;.<\/p>\n\n\n\n<p>O publicit\u00e1rio Elsinho Mouco, marqueteiro do emedebista, prepara um document\u00e1rio sobre o impeachment para se contrapor \u00e0 narrativa da produ\u00e7\u00e3o brasileira, que perdeu a estatueta do Oscar para o favorito &#8220;Ind\u00fastria Americana&#8221;.<\/p>\n\n\n\n<p>Segundo Mouco, Temer considera que &#8220;quem venceu na categoria document\u00e1rio \u00e9 um verdadeiro document\u00e1rio&#8221;.<\/p>\n\n\n\n<p>O filme campe\u00e3o mostra a chegada de uma f\u00e1brica chinesa aos Estados Unidos e os choques entre as culturas de trabalho dos dois pa\u00edses. Foi o primeiro lan\u00e7amento da Higher Ground, produtora criada por Barack e Michelle Obama no ano passado.<\/p>\n\n\n\n<p>A cr\u00edtica de que imp\u00f4s um olhar enviesado \u00e0 trama do impeachment foi uma das principais que reca\u00edram sobre Petra desde o lan\u00e7amento de seu longa. A fam\u00edlia da diretora tem um elo antigo com a do ex-presidente Lula (PT).<\/p>\n\n\n\n<p>O argumento de que o filme se assemelha a uma fic\u00e7\u00e3o e se distancia do real j\u00e1 foi usado por outros detratores, como o ex-secret\u00e1rio nacional de Cultura Roberto Alvim, demitido ap\u00f3s usar falas de Joseph Goebbles, ministro de Hitler, em pronunciamento oficial.<\/p>\n\n\n\n<p>&#8220;Democracia em Vertigem&#8221; recapitula os conturbados \u00faltimos anos da pol\u00edtica brasileira, da elei\u00e7\u00e3o de Lula \u00e0 ascens\u00e3o de Jair Bolsonaro, passando pelo impeachment de Dilma. Tudo isso a partir da perspectiva de Petra, cuja voz guia a narra\u00e7\u00e3o em primeira pessoa.<\/p>\n\n\n\n<p>O ent\u00e3o vice-presidente \u00e9 retratado como um dos art\u00edfices da derrubada da petista. Pela leitura da diretora, ele se aliou a l\u00edderes como o ent\u00e3o presidente da C\u00e2mara, Eduardo Cunha (MDB), para dar um golpe em Dilma.<\/p>\n\n\n\n<p>Procurado pela coluna M\u00f4nica Bergamo logo ap\u00f3s o an\u00fancio da indica\u00e7\u00e3o do filme brasileiro ao Oscar, em janeiro, Temer disse que ainda n\u00e3o tinha visto a obra, dispon\u00edvel na Netflix.<\/p>\n\n\n\n<p>De acordo com Mouco, o ex-presidente assistiu \u00e0 produ\u00e7\u00e3o no pen\u00faltimo fim de semana, depois de voltar de uma viagem com a fam\u00edlia.<\/p>\n\n\n\n<p>O document\u00e1rio que o publicit\u00e1rio prepara para rebater a narrativa de Petra sobre o impeachment se chamar\u00e1 &#8220;Trama contra a Democracia&#8221;. O Painel informou que, segundo aliados do ex-presidente, a obra vai lembrar momentos em que o pr\u00f3prio PT contribuiu para a queda de Dilma.<\/p>\n\n\n\n<p>Mouco diz que o novo filme ainda est\u00e1 em fase inicial e que detalhes de roteiro e produ\u00e7\u00e3o ser\u00e3o definidos nas pr\u00f3ximas semanas. A data de estreia n\u00e3o foi anunciada.<\/p>\n\n\n\n<p>Temer foi preso pela Lava Jato em mar\u00e7o do ano passado. Ele \u00e9 r\u00e9u em nove processos e nega todas as acusa\u00e7\u00f5es. Em outubro, a Justi\u00e7a absolveu o ex-presidente em a\u00e7\u00e3o na qual era acusado de tentar obstruir investiga\u00e7\u00f5es do MPF (Minist\u00e9rio P\u00fablico Federal).<\/p>\n\n\n\n<p>A den\u00fancia contra o emedebista se baseou numa grava\u00e7\u00e3o em que, supostamente, incitava o empres\u00e1rio Joesley Batista, da JBS, a manter pagamentos ao corretor L\u00facio Bolonha Funaro e, com isso, evitar que ele fizesse um acordo de dela\u00e7\u00e3o premiada.<\/p>\n\n\n\n<p>Em entrevista \u00e0 Folha de S.Paulo em abril, dias ap\u00f3s deixar a pris\u00e3o, Temer disse ser alvo de um n\u00facleo punitivista do Minist\u00e9rio P\u00fablico. &#8220;N\u00e3o vejo prova concreta, n\u00e3o vejo nada, vejo ila\u00e7\u00f5es e mais ila\u00e7\u00f5es, suposi\u00e7\u00f5es. Para fazer acusa\u00e7\u00e3o, tem que ter prova, subst\u00e2ncia&#8221;, afirmou na ocasi\u00e3o.<\/p>\n","protected":false},"excerpt":{"rendered":"<p>Michel Temer viu &#8220;Democracia em Vertigem&#8221; e n\u00e3o gostou. O ex-presidente da Rep\u00fablica afirmou \u00e0 reportagem que o document\u00e1rio brasileiro, que o pinta como vil\u00e3o&hellip; <\/p>\n","protected":false},"author":2,"featured_media":149042,"comment_status":"closed","ping_status":"closed","sticky":false,"template":"","format":"standard","meta":{"sfsi_plus_gutenberg_text_before_share":"","sfsi_plus_gutenberg_show_text_before_share":"","sfsi_plus_gutenberg_icon_type":"","sfsi_plus_gutenberg_icon_alignemt":"","sfsi_plus_gutenburg_max_per_row":"","footnotes":""},"categories":[2],"tags":[],"class_list":["post-152771","post","type-post","status-publish","format-standard","has-post-thumbnail","hentry","category-geral"],"_links":{"self":[{"href":"https:\/\/www.caririemacao.com\/1\/wp-json\/wp\/v2\/posts\/152771","targetHints":{"allow":["GET"]}}],"collection":[{"href":"https:\/\/www.caririemacao.com\/1\/wp-json\/wp\/v2\/posts"}],"about":[{"href":"https:\/\/www.caririemacao.com\/1\/wp-json\/wp\/v2\/types\/post"}],"author":[{"embeddable":true,"href":"https:\/\/www.caririemacao.com\/1\/wp-json\/wp\/v2\/users\/2"}],"replies":[{"embeddable":true,"href":"https:\/\/www.caririemacao.com\/1\/wp-json\/wp\/v2\/comments?post=152771"}],"version-history":[{"count":1,"href":"https:\/\/www.caririemacao.com\/1\/wp-json\/wp\/v2\/posts\/152771\/revisions"}],"predecessor-version":[{"id":152778,"href":"https:\/\/www.caririemacao.com\/1\/wp-json\/wp\/v2\/posts\/152771\/revisions\/152778"}],"wp:featuredmedia":[{"embeddable":true,"href":"https:\/\/www.caririemacao.com\/1\/wp-json\/wp\/v2\/media\/149042"}],"wp:attachment":[{"href":"https:\/\/www.caririemacao.com\/1\/wp-json\/wp\/v2\/media?parent=152771"}],"wp:term":[{"taxonomy":"category","embeddable":true,"href":"https:\/\/www.caririemacao.com\/1\/wp-json\/wp\/v2\/categories?post=152771"},{"taxonomy":"post_tag","embeddable":true,"href":"https:\/\/www.caririemacao.com\/1\/wp-json\/wp\/v2\/tags?post=152771"}],"curies":[{"name":"wp","href":"https:\/\/api.w.org\/{rel}","templated":true}]}}