{"id":152772,"date":"2020-02-11T07:41:39","date_gmt":"2020-02-11T10:41:39","guid":{"rendered":"http:\/\/www.caririemacao.com\/1\/?p=152772"},"modified":"2020-02-11T07:41:41","modified_gmt":"2020-02-11T10:41:41","slug":"instituto-educacional-realiza-workshop-em-sao-jose-dos-cordeiros","status":"publish","type":"post","link":"https:\/\/www.caririemacao.com\/1\/2020\/02\/11\/instituto-educacional-realiza-workshop-em-sao-jose-dos-cordeiros\/","title":{"rendered":"Instituto Educacional realiza Workshop em S\u00e3o Jos\u00e9 dos Cordeiros"},"content":{"rendered":"\n<p>O Instituto Educacional Mundo Encantado realizou na \u00faltima sexta-feira, 07, em S\u00e3o Jos\u00e9 dos Cordeiro, um workshop com o tema: a import\u00e2ncia da educa\u00e7\u00e3o infantil no desenvolvimento da crian\u00e7a e adapta\u00e7\u00e3o escolar: limites e frustra\u00e7\u00e3o na inf\u00e2ncia. <\/p>\n\n\n\n<p>Estiveram presentes no evento, como palestrantes, a pedagoga<br>respons\u00e1vel pela escola Ana Paula Alc\u00e2ntara, a psicopedagoga Roniely Santos e a psic\u00f3loga Ana Beatriz Gabriel. Em que falaram, diretamente para os pais e representantes de \u00f3rg\u00e3os que<br>trabalham diretamente com o<br>p\u00fablico infantil.<\/p>\n","protected":false},"excerpt":{"rendered":"<p>O Instituto Educacional Mundo Encantado realizou na \u00faltima sexta-feira, 07, em S\u00e3o Jos\u00e9 dos Cordeiro, um workshop com o tema: a import\u00e2ncia da educa\u00e7\u00e3o infantil&hellip; <\/p>\n","protected":false},"author":1,"featured_media":152773,"comment_status":"closed","ping_status":"closed","sticky":false,"template":"","format":"standard","meta":{"sfsi_plus_gutenberg_text_before_share":"","sfsi_plus_gutenberg_show_text_before_share":"","sfsi_plus_gutenberg_icon_type":"","sfsi_plus_gutenberg_icon_alignemt":"","sfsi_plus_gutenburg_max_per_row":"","footnotes":""},"categories":[6,50,14],"tags":[],"class_list":["post-152772","post","type-post","status-publish","format-standard","has-post-thumbnail","hentry","category-cidades","category-destaque","category-educacao"],"_links":{"self":[{"href":"https:\/\/www.caririemacao.com\/1\/wp-json\/wp\/v2\/posts\/152772","targetHints":{"allow":["GET"]}}],"collection":[{"href":"https:\/\/www.caririemacao.com\/1\/wp-json\/wp\/v2\/posts"}],"about":[{"href":"https:\/\/www.caririemacao.com\/1\/wp-json\/wp\/v2\/types\/post"}],"author":[{"embeddable":true,"href":"https:\/\/www.caririemacao.com\/1\/wp-json\/wp\/v2\/users\/1"}],"replies":[{"embeddable":true,"href":"https:\/\/www.caririemacao.com\/1\/wp-json\/wp\/v2\/comments?post=152772"}],"version-history":[{"count":1,"href":"https:\/\/www.caririemacao.com\/1\/wp-json\/wp\/v2\/posts\/152772\/revisions"}],"predecessor-version":[{"id":152776,"href":"https:\/\/www.caririemacao.com\/1\/wp-json\/wp\/v2\/posts\/152772\/revisions\/152776"}],"wp:featuredmedia":[{"embeddable":true,"href":"https:\/\/www.caririemacao.com\/1\/wp-json\/wp\/v2\/media\/152773"}],"wp:attachment":[{"href":"https:\/\/www.caririemacao.com\/1\/wp-json\/wp\/v2\/media?parent=152772"}],"wp:term":[{"taxonomy":"category","embeddable":true,"href":"https:\/\/www.caririemacao.com\/1\/wp-json\/wp\/v2\/categories?post=152772"},{"taxonomy":"post_tag","embeddable":true,"href":"https:\/\/www.caririemacao.com\/1\/wp-json\/wp\/v2\/tags?post=152772"}],"curies":[{"name":"wp","href":"https:\/\/api.w.org\/{rel}","templated":true}]}}