{"id":152780,"date":"2020-02-11T08:48:32","date_gmt":"2020-02-11T11:48:32","guid":{"rendered":"http:\/\/www.caririemacao.com\/1\/?p=152780"},"modified":"2020-02-11T08:48:34","modified_gmt":"2020-02-11T11:48:34","slug":"carrao-de-luxo-de-r-16-milhao-fica-debaixo-dagua","status":"publish","type":"post","link":"https:\/\/www.caririemacao.com\/1\/2020\/02\/11\/carrao-de-luxo-de-r-16-milhao-fica-debaixo-dagua\/","title":{"rendered":"Carr\u00e3o de luxo de R$ 1,6 milh\u00e3o fica debaixo d&#8217;\u00e1gua"},"content":{"rendered":"\n<p>As chuvas que ainda caem em S\u00e3o Paulo provocaram um preju\u00edzo gigantesco em um estacionamento subterr\u00e2neo na zona oeste da capital paulista.<\/p>\n\n\n\n<p>Em v\u00eddeos e fotos que circulam nas redes sociais \u00e9 poss\u00edvel ver um Lamborghini Hurac\u00e1n 2015 com metade de sua carroceria submersa pelas \u00e1guas.<\/p>\n\n\n\n<p>Imagens feitas horas antes mostram que o esportivo, avaliado em mais de R$ 1,6 milh\u00e3o, estava estacionado em um restaurante na noite de domingo.<\/p>\n\n\n\n<p>N\u00e3o \u00e9 poss\u00edvel avaliar o tamanho do preju\u00edzo, mas, segundo Matteo Petriccione, propriet\u00e1rio da oficina A.M. Marcelo, existe a possibilidade do esportivo ser reparado.<\/p>\n\n\n\n<figure class=\"wp-block-image\"><img decoding=\"async\" data-src=\"https:\/\/www.clickpb.com.br\/media\/filer_public\/48\/0f\/480fb369-ebec-40d5-92ef-10ecc3694355\/lamborghini_huracan.jpg\" alt=\"\" src=\"data:image\/svg+xml;base64,PHN2ZyB3aWR0aD0iMSIgaGVpZ2h0PSIxIiB4bWxucz0iaHR0cDovL3d3dy53My5vcmcvMjAwMC9zdmciPjwvc3ZnPg==\" class=\"lazyload\" \/><\/figure>\n\n\n\n<p>&#8220;Se o ve\u00edculo ainda n\u00e3o entrou em curto circuito, a probabilidade de dar perda total, \u00e9 muito baixa, mas neste caso em espec\u00edfico, \u00e9 necess\u00e1rio saber at\u00e9 onde a \u00e1gua da enchente chegou e o que foi danificado internamente para ter uma precis\u00e3o&#8221;, afirmou.<\/p>\n\n\n\n<p>Mas o especialista antecipa que o conserto pode custar mais que um SUV de luxo. &#8220;O reparo custaria de 20% at\u00e9 50% do valor total do carro. Al\u00e9m disso, \u00e9 preciso levar em considera\u00e7\u00e3o a quest\u00e3o da importa\u00e7\u00e3o das pe\u00e7as que ser\u00e3o substitu\u00eddas, os impostos e, principalmente, a demora&#8221;, conclui.<\/p>\n\n\n\n<p>V\u00eddeos mostram que a garagem estava lotada com ve\u00edculos, quase todos tamb\u00e9m parcialmente submersos. Entre os modelos vistos nas filmagens h\u00e1 um Porsche Boxster, um Audi A4, um Volvo XC40 e um Mercedes-Benz GLA.<\/p>\n\n\n\n<p>Os poucos carros que se salvaram dos estragos t\u00eam altura elevada, com destaque para uma Volkswagen Amarok e um Range Rover Sport.<\/p>\n\n\n\n<p>Ainda n\u00e3o se sabe se o Lamborghini possu\u00eda seguro, ou se a ap\u00f3lice do estacionamento cobrir\u00e1 os preju\u00edzos dos propriet\u00e1rios.<\/p>\n","protected":false},"excerpt":{"rendered":"<p>As chuvas que ainda caem em S\u00e3o Paulo provocaram um preju\u00edzo gigantesco em um estacionamento subterr\u00e2neo na zona oeste da capital paulista. Em v\u00eddeos e&hellip; <\/p>\n","protected":false},"author":2,"featured_media":152782,"comment_status":"closed","ping_status":"closed","sticky":false,"template":"","format":"standard","meta":{"sfsi_plus_gutenberg_text_before_share":"","sfsi_plus_gutenberg_show_text_before_share":"","sfsi_plus_gutenberg_icon_type":"","sfsi_plus_gutenberg_icon_alignemt":"","sfsi_plus_gutenburg_max_per_row":"","footnotes":""},"categories":[2],"tags":[],"class_list":["post-152780","post","type-post","status-publish","format-standard","has-post-thumbnail","hentry","category-geral"],"_links":{"self":[{"href":"https:\/\/www.caririemacao.com\/1\/wp-json\/wp\/v2\/posts\/152780","targetHints":{"allow":["GET"]}}],"collection":[{"href":"https:\/\/www.caririemacao.com\/1\/wp-json\/wp\/v2\/posts"}],"about":[{"href":"https:\/\/www.caririemacao.com\/1\/wp-json\/wp\/v2\/types\/post"}],"author":[{"embeddable":true,"href":"https:\/\/www.caririemacao.com\/1\/wp-json\/wp\/v2\/users\/2"}],"replies":[{"embeddable":true,"href":"https:\/\/www.caririemacao.com\/1\/wp-json\/wp\/v2\/comments?post=152780"}],"version-history":[{"count":1,"href":"https:\/\/www.caririemacao.com\/1\/wp-json\/wp\/v2\/posts\/152780\/revisions"}],"predecessor-version":[{"id":152783,"href":"https:\/\/www.caririemacao.com\/1\/wp-json\/wp\/v2\/posts\/152780\/revisions\/152783"}],"wp:featuredmedia":[{"embeddable":true,"href":"https:\/\/www.caririemacao.com\/1\/wp-json\/wp\/v2\/media\/152782"}],"wp:attachment":[{"href":"https:\/\/www.caririemacao.com\/1\/wp-json\/wp\/v2\/media?parent=152780"}],"wp:term":[{"taxonomy":"category","embeddable":true,"href":"https:\/\/www.caririemacao.com\/1\/wp-json\/wp\/v2\/categories?post=152780"},{"taxonomy":"post_tag","embeddable":true,"href":"https:\/\/www.caririemacao.com\/1\/wp-json\/wp\/v2\/tags?post=152780"}],"curies":[{"name":"wp","href":"https:\/\/api.w.org\/{rel}","templated":true}]}}