{"id":152789,"date":"2020-02-11T08:52:41","date_gmt":"2020-02-11T11:52:41","guid":{"rendered":"http:\/\/www.caririemacao.com\/1\/?p=152789"},"modified":"2020-02-11T08:52:42","modified_gmt":"2020-02-11T11:52:42","slug":"doacao-de-orgaos-na-paraiba-registra-aumento-de-196-e-fica-em-primeiro-lugar-no-pais","status":"publish","type":"post","link":"https:\/\/www.caririemacao.com\/1\/2020\/02\/11\/doacao-de-orgaos-na-paraiba-registra-aumento-de-196-e-fica-em-primeiro-lugar-no-pais\/","title":{"rendered":"Doa\u00e7\u00e3o de \u00f3rg\u00e3os na Para\u00edba registra aumento de 196% e fica em primeiro lugar no pa\u00eds"},"content":{"rendered":"\n<p>A Para\u00edba \u00e9 o primeiro lugar do Brasil em termos de aumento percentual de doa\u00e7\u00e3o de \u00f3rg\u00e3os, registrando crescimento de 196,1%. Os estados do Sergipe (74,5%) e Rio Grande do Norte (60,2%) ocupam, respectivamente, a segunda e a terceira posi\u00e7\u00e3o nacional no crescimento percentual de doa\u00e7\u00e3o de \u00f3rg\u00e3os.&nbsp;A lista de espera do m\u00eas de fevereiro de 2020 registra 390 pessoas que aguardam c\u00f3rneas; 239 rins; 11 f\u00edgados e um cora\u00e7\u00e3o.<\/p>\n\n\n\n<p>Em 2020, a Central de Transplante da Para\u00edba tem registrado um doador por semana. Entre os meses de janeiro e fevereiro, foram seis doadores, sendo cinco de Jo\u00e3o Pessoa e um de Campina Grande.&nbsp;<\/p>\n\n\n\n<p>Neste mesmo per\u00edodo, a negativa familiar para doa\u00e7\u00e3o de \u00f3rg\u00e3os teve redu\u00e7\u00e3o de 30% em rela\u00e7\u00e3o a 2019. A negativa familiar \u00e9 o principal motivo para que um \u00f3rg\u00e3o n\u00e3o seja doado em todo pa\u00eds.&nbsp;<\/p>\n\n\n\n<p>Os dados foram apresentados pelo governador&nbsp;Azev\u00eado, nesta segunda-feira (10), durante o programa Fala Governador, transmitido pela R\u00e1dio Tabajara em cadeia estadual e pelas redes sociais do Governo.<br><\/p>\n\n\n\n<p>Na ocasi\u00e3o, o governador Jo\u00e3o Azev\u00eado comentou que esse era um setor que praticamente estava paralisado no estado. \u201cA Para\u00edba voltou a fazer transplante de cora\u00e7\u00e3o depois de 10 anos. Esse n\u00famero \u00e9 extraordin\u00e1rio e isso \u00e9 fruto do esfor\u00e7o de toda equipe da sa\u00fade no sentido de recriar essa coordenadoria de doa\u00e7\u00e3o de \u00f3rg\u00e3os, que deu esses resultados e que levou a Para\u00edba ao primeiro lugar no Brasil em termos de aumento percentual de doa\u00e7\u00e3o de \u00f3rg\u00e3os\u201d, comemorou.<\/p>\n\n\n\n<p>O governador ainda aproveitou a oportunidade para agradecer aos familiares que autorizam a doa\u00e7\u00e3o dos \u00f3rg\u00e3os de seus parentes. \u201cEu sempre agrade\u00e7o \u00e0queles que no momento de dor t\u00eam, juntamente com seus familiares, dado a autoriza\u00e7\u00e3o para que seja poss\u00edvel salvar outras vidas. Tenho certeza que cada um que faz isso est\u00e1 tendo um ato de extrema dignidade e respeito para com os outros. Ent\u00e3o fica a minha gratid\u00e3o a essas pessoas que permitiram que a Para\u00edba atingisse um n\u00famero t\u00e3o importante percentualmente em termos de aumento de doa\u00e7\u00e3o e de transplantes de \u00f3rg\u00e3os\u201d, ressaltou.&nbsp;<\/p>\n","protected":false},"excerpt":{"rendered":"<p>A Para\u00edba \u00e9 o primeiro lugar do Brasil em termos de aumento percentual de doa\u00e7\u00e3o de \u00f3rg\u00e3os, registrando crescimento de 196,1%. Os estados do Sergipe&hellip; <\/p>\n","protected":false},"author":2,"featured_media":152791,"comment_status":"closed","ping_status":"closed","sticky":false,"template":"","format":"standard","meta":{"sfsi_plus_gutenberg_text_before_share":"","sfsi_plus_gutenberg_show_text_before_share":"","sfsi_plus_gutenberg_icon_type":"","sfsi_plus_gutenberg_icon_alignemt":"","sfsi_plus_gutenburg_max_per_row":"","footnotes":""},"categories":[2],"tags":[],"class_list":["post-152789","post","type-post","status-publish","format-standard","has-post-thumbnail","hentry","category-geral"],"_links":{"self":[{"href":"https:\/\/www.caririemacao.com\/1\/wp-json\/wp\/v2\/posts\/152789","targetHints":{"allow":["GET"]}}],"collection":[{"href":"https:\/\/www.caririemacao.com\/1\/wp-json\/wp\/v2\/posts"}],"about":[{"href":"https:\/\/www.caririemacao.com\/1\/wp-json\/wp\/v2\/types\/post"}],"author":[{"embeddable":true,"href":"https:\/\/www.caririemacao.com\/1\/wp-json\/wp\/v2\/users\/2"}],"replies":[{"embeddable":true,"href":"https:\/\/www.caririemacao.com\/1\/wp-json\/wp\/v2\/comments?post=152789"}],"version-history":[{"count":1,"href":"https:\/\/www.caririemacao.com\/1\/wp-json\/wp\/v2\/posts\/152789\/revisions"}],"predecessor-version":[{"id":152792,"href":"https:\/\/www.caririemacao.com\/1\/wp-json\/wp\/v2\/posts\/152789\/revisions\/152792"}],"wp:featuredmedia":[{"embeddable":true,"href":"https:\/\/www.caririemacao.com\/1\/wp-json\/wp\/v2\/media\/152791"}],"wp:attachment":[{"href":"https:\/\/www.caririemacao.com\/1\/wp-json\/wp\/v2\/media?parent=152789"}],"wp:term":[{"taxonomy":"category","embeddable":true,"href":"https:\/\/www.caririemacao.com\/1\/wp-json\/wp\/v2\/categories?post=152789"},{"taxonomy":"post_tag","embeddable":true,"href":"https:\/\/www.caririemacao.com\/1\/wp-json\/wp\/v2\/tags?post=152789"}],"curies":[{"name":"wp","href":"https:\/\/api.w.org\/{rel}","templated":true}]}}