{"id":152798,"date":"2020-02-11T08:54:55","date_gmt":"2020-02-11T11:54:55","guid":{"rendered":"http:\/\/www.caririemacao.com\/1\/?p=152798"},"modified":"2020-02-11T08:54:57","modified_gmt":"2020-02-11T11:54:57","slug":"policia-autua-comerciante-por-vender-remedio-falso-contra-o-coronavirus-no-brasil","status":"publish","type":"post","link":"https:\/\/www.caririemacao.com\/1\/2020\/02\/11\/policia-autua-comerciante-por-vender-remedio-falso-contra-o-coronavirus-no-brasil\/","title":{"rendered":"Pol\u00edcia autua comerciante por vender rem\u00e9dio falso contra o coronav\u00edrus no Brasil"},"content":{"rendered":"\n<p>Uma propriet\u00e1ria de uma farm\u00e1cia, na regi\u00e3o metropolitana de Curitiba, no Paran\u00e1, foi autuada pela Pol\u00edcia Civil do estado. A empres\u00e1ria \u00e9 suspeita de comercializar um coquetel de vitaminas como medicamento preventivo contra o coronav\u00edrus. O rem\u00e9dio era vendido por R$ 79,90 em c\u00e1psulas, inclusive nas redes sociais.<\/p>\n\n\n\n<p>O produto, segundo o Departamento Estadual de Defesa do Consumidor (Procon\/PR), \u00e9 composto por \u00e1cido f\u00f3lico, sel\u00eanio, zinco e vitaminas A, C, D e E.<\/p>\n\n\n\n<p>Respons\u00e1vel pelo caso, o delegado Andr\u00e9 Gustavo Feltes, n\u00e3o divulgou o nome da comerciante nem o do estabelecimento. Gustavo explicou que o an\u00fancio poderia levar facilmente uma pessoa leiga ao engano.<\/p>\n\n\n\n<p>\u201cO que chama aten\u00e7\u00e3o \u00e9 a maneira como esse informe foi realizado, pois dependendo do n\u00edvel de conhecimento do consumidor, pode ser induzido ao erro, acreditando que com o consumo do produto poderia ficar imune ao cont\u00e1gio do coronav\u00edrus, o que n\u00e3o \u00e9 verdade. Da maneira como a informa\u00e7\u00e3o era passada, fazia uma pessoa leiga acreditar\u201d, comentou o delegado.<\/p>\n\n\n\n<p>Autuada pela pol\u00edcia por afirma\u00e7\u00e3o falsa ou enganosa de produtos e servi\u00e7os, a empres\u00e1ria tamb\u00e9m poder\u00e1 responder por estelionato, caso algum cliente denuncie que comprou o produto com a inten\u00e7\u00e3o de se prevenir contra o v\u00edrus.<\/p>\n\n\n\n<p>A propriet\u00e1ria poder\u00e1 pegar uma pena de tr\u00eas meses a um ano de deten\u00e7\u00e3o, al\u00e9m do pagamento de multa. A farm\u00e1cia tamb\u00e9m vai responder um processo administrativo no Procon.<\/p>\n\n\n\n<p>Em contato com a reportagem do UOL, o m\u00e9dico especializado em cl\u00ednica geral, Ant\u00f4nio Furlan, explicou que o coquetel de vitaminas ofertado pela farm\u00e1cia paranaense n\u00e3o resolveria uma eventual infec\u00e7\u00e3o pelo coronav\u00edrus.<\/p>\n\n\n\n<p>\u201cO polivitam\u00ednico serve para aumentar a resist\u00eancia do organismo e n\u00e3o funciona para conter qualquer virose. Para evitar contrair v\u00edrus, \u00e9 recomend\u00e1vel evitar estar ou entrar em contato com pessoas ou \u00e1reas acometidas pela virose, usar m\u00e1scaras caso visite \u00e1reas de risco e alimenta\u00e7\u00e3o refor\u00e7ada para aumentar a resist\u00eancia do organismo\u201d, explicou.<\/p>\n","protected":false},"excerpt":{"rendered":"<p>Uma propriet\u00e1ria de uma farm\u00e1cia, na regi\u00e3o metropolitana de Curitiba, no Paran\u00e1, foi autuada pela Pol\u00edcia Civil do estado. A empres\u00e1ria \u00e9 suspeita de comercializar&hellip; <\/p>\n","protected":false},"author":2,"featured_media":152799,"comment_status":"closed","ping_status":"closed","sticky":false,"template":"","format":"standard","meta":{"sfsi_plus_gutenberg_text_before_share":"","sfsi_plus_gutenberg_show_text_before_share":"","sfsi_plus_gutenberg_icon_type":"","sfsi_plus_gutenberg_icon_alignemt":"","sfsi_plus_gutenburg_max_per_row":"","footnotes":""},"categories":[12],"tags":[],"class_list":["post-152798","post","type-post","status-publish","format-standard","has-post-thumbnail","hentry","category-policia"],"_links":{"self":[{"href":"https:\/\/www.caririemacao.com\/1\/wp-json\/wp\/v2\/posts\/152798","targetHints":{"allow":["GET"]}}],"collection":[{"href":"https:\/\/www.caririemacao.com\/1\/wp-json\/wp\/v2\/posts"}],"about":[{"href":"https:\/\/www.caririemacao.com\/1\/wp-json\/wp\/v2\/types\/post"}],"author":[{"embeddable":true,"href":"https:\/\/www.caririemacao.com\/1\/wp-json\/wp\/v2\/users\/2"}],"replies":[{"embeddable":true,"href":"https:\/\/www.caririemacao.com\/1\/wp-json\/wp\/v2\/comments?post=152798"}],"version-history":[{"count":1,"href":"https:\/\/www.caririemacao.com\/1\/wp-json\/wp\/v2\/posts\/152798\/revisions"}],"predecessor-version":[{"id":152800,"href":"https:\/\/www.caririemacao.com\/1\/wp-json\/wp\/v2\/posts\/152798\/revisions\/152800"}],"wp:featuredmedia":[{"embeddable":true,"href":"https:\/\/www.caririemacao.com\/1\/wp-json\/wp\/v2\/media\/152799"}],"wp:attachment":[{"href":"https:\/\/www.caririemacao.com\/1\/wp-json\/wp\/v2\/media?parent=152798"}],"wp:term":[{"taxonomy":"category","embeddable":true,"href":"https:\/\/www.caririemacao.com\/1\/wp-json\/wp\/v2\/categories?post=152798"},{"taxonomy":"post_tag","embeddable":true,"href":"https:\/\/www.caririemacao.com\/1\/wp-json\/wp\/v2\/tags?post=152798"}],"curies":[{"name":"wp","href":"https:\/\/api.w.org\/{rel}","templated":true}]}}