{"id":152801,"date":"2020-02-11T10:42:23","date_gmt":"2020-02-11T13:42:23","guid":{"rendered":"http:\/\/www.caririemacao.com\/1\/?p=152801"},"modified":"2020-02-11T10:42:24","modified_gmt":"2020-02-11T13:42:24","slug":"governo-federal-pretende-vender-imoveis-da-uniao-e-arrecadar-bilhoes","status":"publish","type":"post","link":"https:\/\/www.caririemacao.com\/1\/2020\/02\/11\/governo-federal-pretende-vender-imoveis-da-uniao-e-arrecadar-bilhoes\/","title":{"rendered":"Governo federal pretende vender im\u00f3veis da Uni\u00e3o e arrecadar bilh\u00f5es"},"content":{"rendered":"\n<p>&nbsp;O governo planeja vender R$ 3 bilh\u00f5es em im\u00f3veis da Uni\u00e3o em 2020. A meta era alcan\u00e7ar R$ 1 bilh\u00e3o em 2019, mas as aliena\u00e7\u00f5es ficaram em R$ 180 milh\u00f5es ao fim de dezembro.<\/p>\n\n\n\n<p>Dentre os 465 im\u00f3veis a serem colocados \u00e0 disposi\u00e7\u00e3o de compradores desta vez, est\u00e3o 60 apartamentos funcionais em Bras\u00edlia. Tamb\u00e9m est\u00e1 na lista o edif\u00edcio \u201cA Noite\u201d, no centro do Rio de Janeiro.<\/p>\n\n\n\n<p>Fernando Bispo, secret\u00e1rio de coordena\u00e7\u00e3o e governan\u00e7a do patrim\u00f4nio da Uni\u00e3o do Minist\u00e9rio da Economia, afirmou que at\u00e9 o momento o governo vendeu R$ 18 milh\u00f5es em im\u00f3veis em 2020.<\/p>\n\n\n\n<p>\u201cA gente optou por fazer [principalmente] depois do Carnaval, por imaginar que o mercado imobili\u00e1rio n\u00e3o estaria aquecido no come\u00e7o do ano\u201d, afirmou.<\/p>\n\n\n\n<p>A venda dos im\u00f3veis est\u00e1 sob o guarda-chuva do secret\u00e1rio especial Salim Mattar, de Desestatiza\u00e7\u00e3o, Desinvestimento e Mercados. A pasta tamb\u00e9m \u00e9 respons\u00e1vel pelo processo de privatiza\u00e7\u00e3o de estatais.<\/p>\n\n\n\n<p>Segundo Bispo, o principal entrave para alcan\u00e7ar a meta est\u00e1 ligado ao correto registro dos im\u00f3veis. No ano passado, disse, esse problema dificultou os planos do governo para a \u00e1rea.<\/p>\n\n\n\n<p>A expectativa dele \u00e9 que uma MP (Medida Provis\u00f3ria) enviada ao Congresso no fim de dezembro agilize o processo.<\/p>\n\n\n\n<p>As vendas devem contar com participa\u00e7\u00e3o do BNDES (Banco Nacional de Desenvolvimento Econ\u00f4mico e Social) em parte da carteira.<\/p>\n\n\n\n<p>De acordo com o Minist\u00e9rio da Economia, h\u00e1 potencial para levantar R$ 36 bilh\u00f5es at\u00e9 o fim de 2022 com a venda de im\u00f3veis da Uni\u00e3o.<\/p>\n\n\n\n<p>Bispo afirma que os recursos levantados v\u00e3o para o Tesouro Nacional e geram resultado prim\u00e1rio (que n\u00e3o considera pagamento de d\u00edvidas).<\/p>\n","protected":false},"excerpt":{"rendered":"<p>&nbsp;O governo planeja vender R$ 3 bilh\u00f5es em im\u00f3veis da Uni\u00e3o em 2020. A meta era alcan\u00e7ar R$ 1 bilh\u00e3o em 2019, mas as aliena\u00e7\u00f5es&hellip; <\/p>\n","protected":false},"author":2,"featured_media":152812,"comment_status":"closed","ping_status":"closed","sticky":false,"template":"","format":"standard","meta":{"sfsi_plus_gutenberg_text_before_share":"","sfsi_plus_gutenberg_show_text_before_share":"","sfsi_plus_gutenberg_icon_type":"","sfsi_plus_gutenberg_icon_alignemt":"","sfsi_plus_gutenburg_max_per_row":"","footnotes":""},"categories":[11],"tags":[],"class_list":["post-152801","post","type-post","status-publish","format-standard","has-post-thumbnail","hentry","category-politica"],"_links":{"self":[{"href":"https:\/\/www.caririemacao.com\/1\/wp-json\/wp\/v2\/posts\/152801","targetHints":{"allow":["GET"]}}],"collection":[{"href":"https:\/\/www.caririemacao.com\/1\/wp-json\/wp\/v2\/posts"}],"about":[{"href":"https:\/\/www.caririemacao.com\/1\/wp-json\/wp\/v2\/types\/post"}],"author":[{"embeddable":true,"href":"https:\/\/www.caririemacao.com\/1\/wp-json\/wp\/v2\/users\/2"}],"replies":[{"embeddable":true,"href":"https:\/\/www.caririemacao.com\/1\/wp-json\/wp\/v2\/comments?post=152801"}],"version-history":[{"count":1,"href":"https:\/\/www.caririemacao.com\/1\/wp-json\/wp\/v2\/posts\/152801\/revisions"}],"predecessor-version":[{"id":152813,"href":"https:\/\/www.caririemacao.com\/1\/wp-json\/wp\/v2\/posts\/152801\/revisions\/152813"}],"wp:featuredmedia":[{"embeddable":true,"href":"https:\/\/www.caririemacao.com\/1\/wp-json\/wp\/v2\/media\/152812"}],"wp:attachment":[{"href":"https:\/\/www.caririemacao.com\/1\/wp-json\/wp\/v2\/media?parent=152801"}],"wp:term":[{"taxonomy":"category","embeddable":true,"href":"https:\/\/www.caririemacao.com\/1\/wp-json\/wp\/v2\/categories?post=152801"},{"taxonomy":"post_tag","embeddable":true,"href":"https:\/\/www.caririemacao.com\/1\/wp-json\/wp\/v2\/tags?post=152801"}],"curies":[{"name":"wp","href":"https:\/\/api.w.org\/{rel}","templated":true}]}}