{"id":152806,"date":"2020-02-11T09:45:14","date_gmt":"2020-02-11T12:45:14","guid":{"rendered":"http:\/\/www.caririemacao.com\/1\/?p=152806"},"modified":"2020-02-11T09:45:16","modified_gmt":"2020-02-11T12:45:16","slug":"uepb-suspende-primeira-chamada-do-sisu-2020","status":"publish","type":"post","link":"https:\/\/www.caririemacao.com\/1\/2020\/02\/11\/uepb-suspende-primeira-chamada-do-sisu-2020\/","title":{"rendered":"UEPB suspende primeira chamada do Sisu 2020"},"content":{"rendered":"\n<p>A Universidade Estadual da Para\u00edba (UEPB) suspendeu a primeira chamada da lista de espera do Sisu 2020, prevista para ocorrer a partir dessa segunda-feira (10).<\/p>\n\n\n\n<p>De acordo com a institui\u00e7\u00e3o de ensino superior, a suspens\u00e3o ocorre a pedido do Minist\u00e9rio da Educa\u00e7\u00e3o (MEC) a quem compete o encaminhamento da&nbsp; lista.<\/p>\n\n\n\n<p>Em nota, a UEPB informou ainda que aguarda o posicionamento do MEC para em seguida a Pr\u00f3-Reitoria de Gradua\u00e7\u00e3o (Prograd) realizar a primeira chamada da lista de espera e, se necess\u00e1rio, divulgar calend\u00e1rio retificado de publica\u00e7\u00e3o das listas subsequentes.<\/p>\n\n\n\n<p>Informa\u00e7\u00f5es: maisPB<\/p>\n","protected":false},"excerpt":{"rendered":"<p>A Universidade Estadual da Para\u00edba (UEPB) suspendeu a primeira chamada da lista de espera do Sisu 2020, prevista para ocorrer a partir dessa segunda-feira (10).&hellip; <\/p>\n","protected":false},"author":1,"featured_media":152807,"comment_status":"closed","ping_status":"closed","sticky":false,"template":"","format":"standard","meta":{"sfsi_plus_gutenberg_text_before_share":"","sfsi_plus_gutenberg_show_text_before_share":"","sfsi_plus_gutenberg_icon_type":"","sfsi_plus_gutenberg_icon_alignemt":"","sfsi_plus_gutenburg_max_per_row":"","footnotes":""},"categories":[14],"tags":[],"class_list":["post-152806","post","type-post","status-publish","format-standard","has-post-thumbnail","hentry","category-educacao"],"_links":{"self":[{"href":"https:\/\/www.caririemacao.com\/1\/wp-json\/wp\/v2\/posts\/152806","targetHints":{"allow":["GET"]}}],"collection":[{"href":"https:\/\/www.caririemacao.com\/1\/wp-json\/wp\/v2\/posts"}],"about":[{"href":"https:\/\/www.caririemacao.com\/1\/wp-json\/wp\/v2\/types\/post"}],"author":[{"embeddable":true,"href":"https:\/\/www.caririemacao.com\/1\/wp-json\/wp\/v2\/users\/1"}],"replies":[{"embeddable":true,"href":"https:\/\/www.caririemacao.com\/1\/wp-json\/wp\/v2\/comments?post=152806"}],"version-history":[{"count":1,"href":"https:\/\/www.caririemacao.com\/1\/wp-json\/wp\/v2\/posts\/152806\/revisions"}],"predecessor-version":[{"id":152808,"href":"https:\/\/www.caririemacao.com\/1\/wp-json\/wp\/v2\/posts\/152806\/revisions\/152808"}],"wp:featuredmedia":[{"embeddable":true,"href":"https:\/\/www.caririemacao.com\/1\/wp-json\/wp\/v2\/media\/152807"}],"wp:attachment":[{"href":"https:\/\/www.caririemacao.com\/1\/wp-json\/wp\/v2\/media?parent=152806"}],"wp:term":[{"taxonomy":"category","embeddable":true,"href":"https:\/\/www.caririemacao.com\/1\/wp-json\/wp\/v2\/categories?post=152806"},{"taxonomy":"post_tag","embeddable":true,"href":"https:\/\/www.caririemacao.com\/1\/wp-json\/wp\/v2\/tags?post=152806"}],"curies":[{"name":"wp","href":"https:\/\/api.w.org\/{rel}","templated":true}]}}