{"id":152821,"date":"2020-02-11T10:45:47","date_gmt":"2020-02-11T13:45:47","guid":{"rendered":"http:\/\/www.caririemacao.com\/1\/?p=152821"},"modified":"2020-02-11T10:45:49","modified_gmt":"2020-02-11T13:45:49","slug":"aprovados-em-concurso-do-inss-reivindicam-nomeacao-na-justica-2","status":"publish","type":"post","link":"https:\/\/www.caririemacao.com\/1\/2020\/02\/11\/aprovados-em-concurso-do-inss-reivindicam-nomeacao-na-justica-2\/","title":{"rendered":"Aprovados em concurso do INSS reivindicam nomea\u00e7\u00e3o na Justi\u00e7a"},"content":{"rendered":"\n<p>Aprovados no \u00faltimo concurso do INSS realizado em 2015 est\u00e3o indo \u00e0 Justi\u00e7a para pedir sua nomea\u00e7\u00e3o, segundo informa\u00e7\u00f5es da&nbsp;Condsef&nbsp;(Confedera\u00e7\u00e3o Nacional dos Trabalhadores do Servi\u00e7o P\u00fablico Federal).<\/p>\n\n\n\n<p>Nas a\u00e7\u00f5es, os candidatos aprovados pedem sua nomea\u00e7\u00e3o&nbsp;sob o argumento de haver vagas dispon\u00edveis e de d\u00e9ficit de pessoal no INSS. Com uma fila de&nbsp;2 milh\u00f5es de benef\u00edcios, o INSS ter\u00e1 que chamar servidores aposentados e militares para conter a crise.<\/p>\n\n\n\n<p>A validade do concurso p\u00fablico expirou em agosto de 2018, mas candidatos que entraram com a\u00e7\u00f5es individuais j\u00e1 conseguiram a posse, segundo a confedera\u00e7\u00e3o.&nbsp;Grupos&nbsp;que ajuizaram a\u00e7\u00f5es coletivamente&nbsp;ainda aguardam decis\u00f5es judiciais.<\/p>\n\n\n\n<p>Segundo integrantes de uma comiss\u00e3o de excedentes do concurso do INSS que conversaram com reportagem, mas n\u00e3o quiseram se identificar, o \u00f3rg\u00e3o deixou o concurso expirar&nbsp;e n\u00e3o&nbsp;deu&nbsp;explica\u00e7\u00f5es sobre o caso, mesmo com&nbsp;d\u00e9ficit de trabalhadores. As a\u00e7\u00f5es foram iniciadas antes de o concurso expirar, segundo os integrantes.<\/p>\n\n\n\n<p>Com o an\u00fancio da contrata\u00e7\u00e3o de 7 mil militares&nbsp;para uma for\u00e7a-tarefa no INSS,&nbsp;o grupo pretende cobrar ainda mais a resolu\u00e7\u00e3o do caso. A comiss\u00e3o j\u00e1 fez diversas&nbsp;manifesta\u00e7\u00f5es em Bras\u00edlia, reivindicando as nomea\u00e7\u00f5es.<\/p>\n\n\n\n<p>Em nota, a&nbsp;Condsef&nbsp;diz&nbsp;repudiar&nbsp;a decis\u00e3o do governo de&nbsp;contratar militares para prestar atendimento no INSS.&nbsp;Eles afirmam que a a\u00e7\u00e3o trar\u00e1 a&nbsp;desvaloriza\u00e7\u00e3o do servidor p\u00fablico e do \u00f3rg\u00e3o e pedem que, no lugar disso, o governo&nbsp;realize novos concursos p\u00fablicos para provimento das vagas ociosas, com m\u00e3o de obra capacitada.<\/p>\n\n\n\n<p>Questionado pela reportagem sobre os casos judiciais, o INSS&nbsp;n\u00e3o comentou e informou apenas que o concurso&nbsp;expirou em 5 de agosto de 2018.<\/p>\n","protected":false},"excerpt":{"rendered":"<p>Aprovados no \u00faltimo concurso do INSS realizado em 2015 est\u00e3o indo \u00e0 Justi\u00e7a para pedir sua nomea\u00e7\u00e3o, segundo informa\u00e7\u00f5es da&nbsp;Condsef&nbsp;(Confedera\u00e7\u00e3o Nacional dos Trabalhadores do Servi\u00e7o&hellip; <\/p>\n","protected":false},"author":2,"featured_media":152822,"comment_status":"closed","ping_status":"closed","sticky":false,"template":"","format":"standard","meta":{"sfsi_plus_gutenberg_text_before_share":"","sfsi_plus_gutenberg_show_text_before_share":"","sfsi_plus_gutenberg_icon_type":"","sfsi_plus_gutenberg_icon_alignemt":"","sfsi_plus_gutenburg_max_per_row":"","footnotes":""},"categories":[2],"tags":[],"class_list":["post-152821","post","type-post","status-publish","format-standard","has-post-thumbnail","hentry","category-geral"],"_links":{"self":[{"href":"https:\/\/www.caririemacao.com\/1\/wp-json\/wp\/v2\/posts\/152821","targetHints":{"allow":["GET"]}}],"collection":[{"href":"https:\/\/www.caririemacao.com\/1\/wp-json\/wp\/v2\/posts"}],"about":[{"href":"https:\/\/www.caririemacao.com\/1\/wp-json\/wp\/v2\/types\/post"}],"author":[{"embeddable":true,"href":"https:\/\/www.caririemacao.com\/1\/wp-json\/wp\/v2\/users\/2"}],"replies":[{"embeddable":true,"href":"https:\/\/www.caririemacao.com\/1\/wp-json\/wp\/v2\/comments?post=152821"}],"version-history":[{"count":1,"href":"https:\/\/www.caririemacao.com\/1\/wp-json\/wp\/v2\/posts\/152821\/revisions"}],"predecessor-version":[{"id":152823,"href":"https:\/\/www.caririemacao.com\/1\/wp-json\/wp\/v2\/posts\/152821\/revisions\/152823"}],"wp:featuredmedia":[{"embeddable":true,"href":"https:\/\/www.caririemacao.com\/1\/wp-json\/wp\/v2\/media\/152822"}],"wp:attachment":[{"href":"https:\/\/www.caririemacao.com\/1\/wp-json\/wp\/v2\/media?parent=152821"}],"wp:term":[{"taxonomy":"category","embeddable":true,"href":"https:\/\/www.caririemacao.com\/1\/wp-json\/wp\/v2\/categories?post=152821"},{"taxonomy":"post_tag","embeddable":true,"href":"https:\/\/www.caririemacao.com\/1\/wp-json\/wp\/v2\/tags?post=152821"}],"curies":[{"name":"wp","href":"https:\/\/api.w.org\/{rel}","templated":true}]}}