{"id":152824,"date":"2020-02-11T10:47:12","date_gmt":"2020-02-11T13:47:12","guid":{"rendered":"http:\/\/www.caririemacao.com\/1\/?p=152824"},"modified":"2020-02-11T10:47:13","modified_gmt":"2020-02-11T13:47:13","slug":"ministerio-encaminha-39-milhoes-de-doses-de-vacina-contra-o-sarampo-aos-estados","status":"publish","type":"post","link":"https:\/\/www.caririemacao.com\/1\/2020\/02\/11\/ministerio-encaminha-39-milhoes-de-doses-de-vacina-contra-o-sarampo-aos-estados\/","title":{"rendered":"Minist\u00e9rio encaminha 3,9 milh\u00f5es de doses de vacina contra o sarampo aos estados"},"content":{"rendered":"\n<p>O Minist\u00e9rio da Sa\u00fade lan\u00e7ou hoje (10) a Campanha Nacional de Vacina\u00e7\u00e3o contra o Sarampo.<\/p>\n\n\n\n<p>A meta da pasta ser\u00e1 vacinar 3 milh\u00f5es de crian\u00e7as e jovens de 5 a 19 anos.<\/p>\n\n\n\n<p>O per\u00edodo de vacina\u00e7\u00e3o come\u00e7a nesta segunda a vai at\u00e9 13 mar\u00e7o.<\/p>\n\n\n\n<p>No dia 15 de fevereiro ser\u00e1 realizado o \u201cDia D\u201d de mobiliza\u00e7\u00e3o para alertar os pais e respons\u00e1veis sobre o risco de n\u00e3o vacinar os filhos.<\/p>\n\n\n\n<p>Segundo o minist\u00e9rio, foram encaminhadas neste ano 3,9 milh\u00f5es de doses da vacina tr\u00edplice viral aos estados.<\/p>\n\n\n\n<p>O n\u00famero corresponde a um aumento de 9% no volume de doses que foram solicitadas, segundo a pasta.<\/p>\n\n\n\n<p>De acordo com os n\u00fameros de registros da doen\u00e7a, em 2019 foram registrados 18,2 mil casos de sarampo em 526 munic\u00edpios. Em S\u00e3o Paulo, foram registradas 14 mortes e uma em Pernambuco.<\/p>\n\n\n\n<p>O maior n\u00famero de casos tamb\u00e9m foi registrado em S\u00e3o Paulo, 16 mil.<\/p>\n\n\n\n<p>A campanha de vacina\u00e7\u00e3o faz parte de uma estrat\u00e9gia nacional para interromper a transmiss\u00e3o do sarampo e eliminar a circula\u00e7\u00e3o do v\u00edrus. As duas primeiras etapas ocorreram no ano passado.<\/p>\n\n\n\n<p>Em 2020, est\u00e3o previstas mais duas.<\/p>\n\n\n\n<p>A primeira, entre junho e agosto para o publico de 20 a 29 anos de idade, e outra, tamb\u00e9m em agosto, para a popula\u00e7\u00e3o de 30 a 59 anos de idade.<\/p>\n","protected":false},"excerpt":{"rendered":"<p>O Minist\u00e9rio da Sa\u00fade lan\u00e7ou hoje (10) a Campanha Nacional de Vacina\u00e7\u00e3o contra o Sarampo. A meta da pasta ser\u00e1 vacinar 3 milh\u00f5es de crian\u00e7as&hellip; <\/p>\n","protected":false},"author":2,"featured_media":152825,"comment_status":"closed","ping_status":"closed","sticky":false,"template":"","format":"standard","meta":{"sfsi_plus_gutenberg_text_before_share":"","sfsi_plus_gutenberg_show_text_before_share":"","sfsi_plus_gutenberg_icon_type":"","sfsi_plus_gutenberg_icon_alignemt":"","sfsi_plus_gutenburg_max_per_row":"","footnotes":""},"categories":[16],"tags":[],"class_list":["post-152824","post","type-post","status-publish","format-standard","has-post-thumbnail","hentry","category-saude"],"_links":{"self":[{"href":"https:\/\/www.caririemacao.com\/1\/wp-json\/wp\/v2\/posts\/152824","targetHints":{"allow":["GET"]}}],"collection":[{"href":"https:\/\/www.caririemacao.com\/1\/wp-json\/wp\/v2\/posts"}],"about":[{"href":"https:\/\/www.caririemacao.com\/1\/wp-json\/wp\/v2\/types\/post"}],"author":[{"embeddable":true,"href":"https:\/\/www.caririemacao.com\/1\/wp-json\/wp\/v2\/users\/2"}],"replies":[{"embeddable":true,"href":"https:\/\/www.caririemacao.com\/1\/wp-json\/wp\/v2\/comments?post=152824"}],"version-history":[{"count":1,"href":"https:\/\/www.caririemacao.com\/1\/wp-json\/wp\/v2\/posts\/152824\/revisions"}],"predecessor-version":[{"id":152826,"href":"https:\/\/www.caririemacao.com\/1\/wp-json\/wp\/v2\/posts\/152824\/revisions\/152826"}],"wp:featuredmedia":[{"embeddable":true,"href":"https:\/\/www.caririemacao.com\/1\/wp-json\/wp\/v2\/media\/152825"}],"wp:attachment":[{"href":"https:\/\/www.caririemacao.com\/1\/wp-json\/wp\/v2\/media?parent=152824"}],"wp:term":[{"taxonomy":"category","embeddable":true,"href":"https:\/\/www.caririemacao.com\/1\/wp-json\/wp\/v2\/categories?post=152824"},{"taxonomy":"post_tag","embeddable":true,"href":"https:\/\/www.caririemacao.com\/1\/wp-json\/wp\/v2\/tags?post=152824"}],"curies":[{"name":"wp","href":"https:\/\/api.w.org\/{rel}","templated":true}]}}