{"id":152828,"date":"2020-02-11T10:50:58","date_gmt":"2020-02-11T13:50:58","guid":{"rendered":"http:\/\/www.caririemacao.com\/1\/?p=152828"},"modified":"2020-02-11T10:51:00","modified_gmt":"2020-02-11T13:51:00","slug":"lider-apoia-cpi-para-deputados-e-governo-quem-for-podre-se-quebre","status":"publish","type":"post","link":"https:\/\/www.caririemacao.com\/1\/2020\/02\/11\/lider-apoia-cpi-para-deputados-e-governo-quem-for-podre-se-quebre\/","title":{"rendered":"l\u00edder apoia CPI para deputados e governo: \u2018Quem for podre se quebre\u2019"},"content":{"rendered":"\n<p>Em entrevista ao Hora H, da Rede Mais de R\u00e1dio, o l\u00edder do G11 na Assembleia Legislativa da Para\u00edba, deputado estadual Felipe Leit\u00e3o (DEM), disse, nesta segunda-feira (10), que o grupo paragovernista ir\u00e1 analisar o pedido de impeachment contra o governador Jo\u00e3o Azev\u00eado e a vice-governador L\u00edgia Feliciano (PDT). Leit\u00e3o ainda garantiu apoio do grupo a instala\u00e7\u00e3o da CPI (Comiss\u00e3o Parlamentar de Inqu\u00e9rito) da Calv\u00e1rio.<\/p>\n\n\n\n<p>\u201cN\u00f3s vemos com muita prud\u00eancia, temos que ter serenidade para ter um ju\u00edzo de valor sobre o pedido de impeachment. Iremos analisar, debru\u00e7ar sobre o que foi encaminhado \u00e0 Assembleia pelo deputado Walber para fazer um ju\u00edzo de valor. Vamos pedir copia da pe\u00e7a para sentarmos e a\u00ed sim nos pronunciarmos\u201d, afirmou.<\/p>\n\n\n\n<p>Leit\u00e3o rebateu as declara\u00e7\u00f5es da \u00faltima sexta-feira (7) do deputado Dami\u00e3o Feliciano (PDT), que denunciou em entrevista ao Hora H, da Rede Mais de R\u00e1dio, uma orquestra\u00e7\u00e3o entre deputados para derrubar o governador Jo\u00e3o Azev\u00eado e a vice-governadora L\u00edgia Feliciano.<\/p>\n\n\n\n<p>\u201cGolpe? Que golpe? Golpe, talvez, tenha acontecido nas duas elei\u00e7\u00f5es de L\u00edgia, eleita vice-governadora duas vezes pela organiza\u00e7\u00e3o que a gente j\u00e1 conhece\u201d, devolveu.<\/p>\n\n\n\n<p>As cr\u00edticas de Leit\u00e3o se estendeu ao&nbsp;<a href=\"https:\/\/www.maispb.com.br\/445839\/joao-endossa-damiao-sobre-impeachment-prosseguimento-seria-golpe.html\"><strong>governador Jo\u00e3o Azev\u00eado, que nesta segunda-feira (10), endossou as declara\u00e7\u00f5es de Dami\u00e3o Feliciano<\/strong><\/a>.<\/p>\n\n\n\n<p>\u201cSe ele foi na mesma linha de Dami\u00e3o, ele tamb\u00e9m foi muito infeliz. Confesso que vou analisar a declara\u00e7\u00e3o e se for o caso fazer um pronunciamento amanh\u00e3 na Assembleia Legislativa\u201d, disse.<\/p>\n\n\n\n<p>Apesar da cita\u00e7\u00e3o de v\u00e1rios deputados no \u00e2mbito da Opera\u00e7\u00e3o Calv\u00e1rio, Felipe Leit\u00e3o declarou que o grupo apoia a instala\u00e7\u00e3o da CPI do caso no legislativo.<\/p>\n\n\n\n<p>\u201cSem d\u00favidas, sou o primeiro a ficar dispon\u00edvel para assinar a CPI da Calv\u00e1rio. Que se investigue, quem for podre que se quebre\u201d, declarou.<\/p>\n\n\n\n<p><strong>MaisPB<\/strong><\/p>\n","protected":false},"excerpt":{"rendered":"<p>Em entrevista ao Hora H, da Rede Mais de R\u00e1dio, o l\u00edder do G11 na Assembleia Legislativa da Para\u00edba, deputado estadual Felipe Leit\u00e3o (DEM), disse,&hellip; <\/p>\n","protected":false},"author":2,"featured_media":152829,"comment_status":"closed","ping_status":"closed","sticky":false,"template":"","format":"standard","meta":{"sfsi_plus_gutenberg_text_before_share":"","sfsi_plus_gutenberg_show_text_before_share":"","sfsi_plus_gutenberg_icon_type":"","sfsi_plus_gutenberg_icon_alignemt":"","sfsi_plus_gutenburg_max_per_row":"","footnotes":""},"categories":[2],"tags":[],"class_list":["post-152828","post","type-post","status-publish","format-standard","has-post-thumbnail","hentry","category-geral"],"_links":{"self":[{"href":"https:\/\/www.caririemacao.com\/1\/wp-json\/wp\/v2\/posts\/152828","targetHints":{"allow":["GET"]}}],"collection":[{"href":"https:\/\/www.caririemacao.com\/1\/wp-json\/wp\/v2\/posts"}],"about":[{"href":"https:\/\/www.caririemacao.com\/1\/wp-json\/wp\/v2\/types\/post"}],"author":[{"embeddable":true,"href":"https:\/\/www.caririemacao.com\/1\/wp-json\/wp\/v2\/users\/2"}],"replies":[{"embeddable":true,"href":"https:\/\/www.caririemacao.com\/1\/wp-json\/wp\/v2\/comments?post=152828"}],"version-history":[{"count":1,"href":"https:\/\/www.caririemacao.com\/1\/wp-json\/wp\/v2\/posts\/152828\/revisions"}],"predecessor-version":[{"id":152830,"href":"https:\/\/www.caririemacao.com\/1\/wp-json\/wp\/v2\/posts\/152828\/revisions\/152830"}],"wp:featuredmedia":[{"embeddable":true,"href":"https:\/\/www.caririemacao.com\/1\/wp-json\/wp\/v2\/media\/152829"}],"wp:attachment":[{"href":"https:\/\/www.caririemacao.com\/1\/wp-json\/wp\/v2\/media?parent=152828"}],"wp:term":[{"taxonomy":"category","embeddable":true,"href":"https:\/\/www.caririemacao.com\/1\/wp-json\/wp\/v2\/categories?post=152828"},{"taxonomy":"post_tag","embeddable":true,"href":"https:\/\/www.caririemacao.com\/1\/wp-json\/wp\/v2\/tags?post=152828"}],"curies":[{"name":"wp","href":"https:\/\/api.w.org\/{rel}","templated":true}]}}