{"id":152832,"date":"2020-02-11T10:52:49","date_gmt":"2020-02-11T13:52:49","guid":{"rendered":"http:\/\/www.caririemacao.com\/1\/?p=152832"},"modified":"2020-02-11T10:52:50","modified_gmt":"2020-02-11T13:52:50","slug":"reforma-da-previdencia-e-pb-saude-voltam-a-pauta","status":"publish","type":"post","link":"https:\/\/www.caririemacao.com\/1\/2020\/02\/11\/reforma-da-previdencia-e-pb-saude-voltam-a-pauta\/","title":{"rendered":"Reforma da Previd\u00eancia e PB Sa\u00fade voltam \u00e0 pauta"},"content":{"rendered":"\n<p>A presidente da Comiss\u00e3o de Constitui\u00e7\u00e3o e Justi\u00e7a (CCJ) da Assembleia Legislativa da Para\u00edba (ALPB), deputada Pollyana Dutra (PSB), colocou na pauta da sess\u00e3o desta ter\u00e7a-feira (11) as an\u00e1lises da Proposta de Emenda \u00e0 Constitui\u00e7\u00e3o que trata sobre a altera\u00e7\u00e3o no regime previdenci\u00e1rio da Para\u00edba e o Projeto de Lei Complementar que cria a funda\u00e7\u00e3o PB Sa\u00fade.<\/p>\n\n\n\n<p>O texto que trata sobre a reforma da Previd\u00eancia estadual, relatado pelo deputado J\u00fanior Ara\u00fajo (Avante), teve sua discuss\u00e3o adiada ap\u00f3s um pedido de vista do deputado Wallber Virgolino (Patriotas). A oposi\u00e7\u00e3o chegou a recorrer ao Tribunal de Justi\u00e7a da Para\u00edba (TJPB) para barrar a tramita\u00e7\u00e3o e obteve uma liminar favor\u00e1vel ao pleito, mas a medida foi derrubada atrav\u00e9s de uma decis\u00e3o do Supremo Tribunal Federal (STF) que autorizou o tr\u00e2mite em regime de urg\u00eancia.<\/p>\n\n\n\n<p>Havia a expectativa de que o texto fosse apreciado e votado em plen\u00e1rio no final do ano passado, mas as discuss\u00f5es foram travadas devido a antecipa\u00e7\u00e3o do do encerramento das atividades legislativas em 17 de dezembro, quando foi decretada a pris\u00e3o preventiva da deputada Estela Bezerra (PSB) no \u00e2mbito da Opera\u00e7\u00e3o Calv\u00e1rio.<\/p>\n\n\n\n<p>O projeto que trata sobre Funda\u00e7\u00e3o PB Sa\u00fade, relatado por Ricardo Barbosa (PSB), \u00f3rg\u00e3o criado pelo Governo do Estado com o intuito de gerir o servi\u00e7o de sa\u00fade na Para\u00edba, n\u00e3o chegou a ser votado na CCJ depois do pedido de vista da deputada Camila Toscano (PSDB).<\/p>\n\n\n\n<p>A proposta do governo \u00e9 ter uma ferramenta pr\u00f3pria de controle dos hospitais da rede estadual ap\u00f3s a Opera\u00e7\u00e3o Calv\u00e1rio revelar desvio e fraudes em contratos firmados com organiza\u00e7\u00f5es sociais, como a Cruz Vermelha que foi contratada pelo governo Ricardo Coutinho (PSB) para gerenciar o Hospital de Emerg\u00eancia e Trauma de Jo\u00e3o Pessoa Senador Humberto Lucena.<\/p>\n\n\n\n<p>Ainda no final do ano passado, o governador Jo\u00e3o Azev\u00eado (Cidadania) anunciou, durante uma coletiva de imprensa, o fim das parcerias em as organiza\u00e7\u00f5es. Atualmente, os hospitais da rede estadual j\u00e1 est\u00e3o sob a dire\u00e7\u00e3o e responsabilidade da Secretaria de Sa\u00fade do Estado.<\/p>\n\n\n\n<p>Mais PB <\/p>\n","protected":false},"excerpt":{"rendered":"<p>A presidente da Comiss\u00e3o de Constitui\u00e7\u00e3o e Justi\u00e7a (CCJ) da Assembleia Legislativa da Para\u00edba (ALPB), deputada Pollyana Dutra (PSB), colocou na pauta da sess\u00e3o desta&hellip; <\/p>\n","protected":false},"author":2,"featured_media":152833,"comment_status":"closed","ping_status":"closed","sticky":false,"template":"","format":"standard","meta":{"sfsi_plus_gutenberg_text_before_share":"","sfsi_plus_gutenberg_show_text_before_share":"","sfsi_plus_gutenberg_icon_type":"","sfsi_plus_gutenberg_icon_alignemt":"","sfsi_plus_gutenburg_max_per_row":"","footnotes":""},"categories":[11],"tags":[],"class_list":["post-152832","post","type-post","status-publish","format-standard","has-post-thumbnail","hentry","category-politica"],"_links":{"self":[{"href":"https:\/\/www.caririemacao.com\/1\/wp-json\/wp\/v2\/posts\/152832","targetHints":{"allow":["GET"]}}],"collection":[{"href":"https:\/\/www.caririemacao.com\/1\/wp-json\/wp\/v2\/posts"}],"about":[{"href":"https:\/\/www.caririemacao.com\/1\/wp-json\/wp\/v2\/types\/post"}],"author":[{"embeddable":true,"href":"https:\/\/www.caririemacao.com\/1\/wp-json\/wp\/v2\/users\/2"}],"replies":[{"embeddable":true,"href":"https:\/\/www.caririemacao.com\/1\/wp-json\/wp\/v2\/comments?post=152832"}],"version-history":[{"count":1,"href":"https:\/\/www.caririemacao.com\/1\/wp-json\/wp\/v2\/posts\/152832\/revisions"}],"predecessor-version":[{"id":152834,"href":"https:\/\/www.caririemacao.com\/1\/wp-json\/wp\/v2\/posts\/152832\/revisions\/152834"}],"wp:featuredmedia":[{"embeddable":true,"href":"https:\/\/www.caririemacao.com\/1\/wp-json\/wp\/v2\/media\/152833"}],"wp:attachment":[{"href":"https:\/\/www.caririemacao.com\/1\/wp-json\/wp\/v2\/media?parent=152832"}],"wp:term":[{"taxonomy":"category","embeddable":true,"href":"https:\/\/www.caririemacao.com\/1\/wp-json\/wp\/v2\/categories?post=152832"},{"taxonomy":"post_tag","embeddable":true,"href":"https:\/\/www.caririemacao.com\/1\/wp-json\/wp\/v2\/tags?post=152832"}],"curies":[{"name":"wp","href":"https:\/\/api.w.org\/{rel}","templated":true}]}}