{"id":152836,"date":"2020-02-11T10:54:38","date_gmt":"2020-02-11T13:54:38","guid":{"rendered":"http:\/\/www.caririemacao.com\/1\/?p=152836"},"modified":"2020-02-11T10:54:40","modified_gmt":"2020-02-11T13:54:40","slug":"maia-espera-aprovar-reforma-administrativa-no-primeiro-semestre","status":"publish","type":"post","link":"https:\/\/www.caririemacao.com\/1\/2020\/02\/11\/maia-espera-aprovar-reforma-administrativa-no-primeiro-semestre\/","title":{"rendered":"Maia espera aprovar reforma administrativa no primeiro semestre"},"content":{"rendered":"\n<p>O presidente da C\u00e2mara dos Deputados, Rodrigo Maia, disse hoje (10) que espera aprovar a reforma administrativa ainda no primeiro semestre deste ano. Ressaltou, no entanto, que as disputas em torno da reforma tribut\u00e1ria, j\u00e1 em tramita\u00e7\u00e3o na Casa, devem ser maiores do que as da administrativa, mesmo admitindo que pode haver conflito com os servidores p\u00fablicos.<\/p>\n\n\n\n<p>\u201cClaro que todos os sistemas onde a gente tem distor\u00e7\u00f5es eles est\u00e3o beneficiando algu\u00e9m e prejudicando milh\u00f5es. N\u00e3o \u00e9 diferente nem no administrativo nem no tribut\u00e1rio. Ent\u00e3o, enfrentamentos n\u00f3s teremos, mais no tribut\u00e1rio do que no administrativo, j\u00e1 que o governo decidiu que \u00e9 melhor uma reforma para os novos servidores\u201d.<\/p>\n\n\n\n<p>Fonte 83<\/p>\n","protected":false},"excerpt":{"rendered":"<p>O presidente da C\u00e2mara dos Deputados, Rodrigo Maia, disse hoje (10) que espera aprovar a reforma administrativa ainda no primeiro semestre deste ano. Ressaltou, no&hellip; <\/p>\n","protected":false},"author":2,"featured_media":151241,"comment_status":"closed","ping_status":"closed","sticky":false,"template":"","format":"standard","meta":{"sfsi_plus_gutenberg_text_before_share":"","sfsi_plus_gutenberg_show_text_before_share":"","sfsi_plus_gutenberg_icon_type":"","sfsi_plus_gutenberg_icon_alignemt":"","sfsi_plus_gutenburg_max_per_row":"","footnotes":""},"categories":[2],"tags":[],"class_list":["post-152836","post","type-post","status-publish","format-standard","has-post-thumbnail","hentry","category-geral"],"_links":{"self":[{"href":"https:\/\/www.caririemacao.com\/1\/wp-json\/wp\/v2\/posts\/152836","targetHints":{"allow":["GET"]}}],"collection":[{"href":"https:\/\/www.caririemacao.com\/1\/wp-json\/wp\/v2\/posts"}],"about":[{"href":"https:\/\/www.caririemacao.com\/1\/wp-json\/wp\/v2\/types\/post"}],"author":[{"embeddable":true,"href":"https:\/\/www.caririemacao.com\/1\/wp-json\/wp\/v2\/users\/2"}],"replies":[{"embeddable":true,"href":"https:\/\/www.caririemacao.com\/1\/wp-json\/wp\/v2\/comments?post=152836"}],"version-history":[{"count":1,"href":"https:\/\/www.caririemacao.com\/1\/wp-json\/wp\/v2\/posts\/152836\/revisions"}],"predecessor-version":[{"id":152837,"href":"https:\/\/www.caririemacao.com\/1\/wp-json\/wp\/v2\/posts\/152836\/revisions\/152837"}],"wp:featuredmedia":[{"embeddable":true,"href":"https:\/\/www.caririemacao.com\/1\/wp-json\/wp\/v2\/media\/151241"}],"wp:attachment":[{"href":"https:\/\/www.caririemacao.com\/1\/wp-json\/wp\/v2\/media?parent=152836"}],"wp:term":[{"taxonomy":"category","embeddable":true,"href":"https:\/\/www.caririemacao.com\/1\/wp-json\/wp\/v2\/categories?post=152836"},{"taxonomy":"post_tag","embeddable":true,"href":"https:\/\/www.caririemacao.com\/1\/wp-json\/wp\/v2\/tags?post=152836"}],"curies":[{"name":"wp","href":"https:\/\/api.w.org\/{rel}","templated":true}]}}