{"id":152844,"date":"2020-02-11T10:59:27","date_gmt":"2020-02-11T13:59:27","guid":{"rendered":"http:\/\/www.caririemacao.com\/1\/?p=152844"},"modified":"2020-02-11T10:59:28","modified_gmt":"2020-02-11T13:59:28","slug":"idosa-faz-113-anos-de-idade-nesta-terca-feira-em-sao-mamede","status":"publish","type":"post","link":"https:\/\/www.caririemacao.com\/1\/2020\/02\/11\/idosa-faz-113-anos-de-idade-nesta-terca-feira-em-sao-mamede\/","title":{"rendered":"Idosa faz 113 anos de idade nesta ter\u00e7a-feira, em S\u00e3o Mamede"},"content":{"rendered":"\n<p>Na cidade de S\u00e3o Mamede, Regi\u00e3o Metropolitana de Patos, na Rua Jos\u00e9 Jacinto de Lucena, no Conjunto Agenor Rique, vive a agricultora aposentada Honorina Ant\u00f4nia Maria da Concei\u00e7\u00e3o, que nasceu em Alagoa Nova, no brejo paraibano, no distante ano de 1907, ou seja, faz 113 anos de idade nesta ter\u00e7a-feira, 11 de fevereiro.<br>Ela nasceu no dia 11 de fevereiro de 1907 e, at\u00e9 onde se sabe, \u00e9 pessoa mais velha da regi\u00e3o de Patos, certamente uma das mais velhas da Para\u00edba e do Brasil.<br>Ainda crian\u00e7a, ela veio morar em S\u00e3o Mamede, na zona rural do munic\u00edpio, no S\u00edtio Malhada de On\u00e7a, e trabalhou a vida toda na agricultura.<br>Seu marido, tamb\u00e9m agricultor, faleceu em 1978, aos 64 anos. O casal teve dois filhos: Severina Hororina Borges, que est\u00e1 com 66 anos; e Jos\u00e9 Hon\u00f3rio Borges, j\u00e1 falecida.<br>Dona Honorina at\u00e9 h\u00e1 tr\u00eas anos atr\u00e1s estava completamente l\u00facida, mas agora de vez em quando a mem\u00f3ria falha. Tem dias de muita lucidez e dias em que esquece tudo. A vis\u00e3o j\u00e1 n\u00e3o t\u00e1 boa, mas ainda escuta muito bem e demonstrar muito bom humor ao conversar com as pessoas.<br>J\u00e1 n\u00e3o anda mais, em casa utiliza uma cadeira de banho para se locomover, quando \u00e9 preciso, mas em outros aspectos ela demonstra ter muita sa\u00fade, pois come de tudo: gosta de galinha, macaxeira, batata-doce, carne e comidas feitas de milho. Gosta de ouvir forr\u00f3 e surpreende de vez em quando batendo o p\u00e9, acompanhando o ritmo da m\u00fasica.<br>Muito conhecida em S\u00e3o Mamede, dona Honorina \u00e9 o retrato de algu\u00e9m que teve uma vida de trabalho e vive a velhice com muita tranquilidade e compreens\u00e3o. como se tivesse a sensa\u00e7\u00e3o do dever cumprido.<br>H\u00e1 tr\u00eas anos ela teve de vir a Patos, para renova\u00e7\u00e3o de benef\u00edcio junto \u00e0 Ag\u00eancia do Instituto Nacional de Seguridade Social (INSS) e demonstrou bom humor, chamando aten\u00e7\u00e3o de todos. \u201cS\u00f3 lamento uma idosa com mais cem anos ter de ir at\u00e9 o INSS, na maior dificuldade de locomo\u00e7\u00e3o, pois o certo seria eles terem algu\u00e9m pra vir at\u00e9 ela\u201d, disse na \u00e9poca uma vizinha dela.<br>Desde 1985 a idosa mora com a filha Severina, em S\u00e3o Mamede, que faz uma declara\u00e7\u00e3o de amor \u00e0 m\u00e3e: \u201cMinha m\u00e3e \u00e9 o amor da minha vida, o meu tesouro, a minha grande alegria\u201d.<br><\/p>\n\n\n\n<figure class=\"wp-block-image\"><a href=\"https:\/\/1.bp.blogspot.com\/-oxj1OpGR2i8\/XkIDZ9CK56I\/AAAAAAAAKAY\/QboIFe9AG6gMuJeoIgAg69uWz49R7sIBgCLcBGAsYHQ\/s1600\/40e07639966a7825de09eef7f73d3f14.jpg\"><img decoding=\"async\" data-src=\"https:\/\/1.bp.blogspot.com\/-oxj1OpGR2i8\/XkIDZ9CK56I\/AAAAAAAAKAY\/QboIFe9AG6gMuJeoIgAg69uWz49R7sIBgCLcBGAsYHQ\/s640\/40e07639966a7825de09eef7f73d3f14.jpg\" alt=\"\" src=\"data:image\/svg+xml;base64,PHN2ZyB3aWR0aD0iMSIgaGVpZ2h0PSIxIiB4bWxucz0iaHR0cDovL3d3dy53My5vcmcvMjAwMC9zdmciPjwvc3ZnPg==\" class=\"lazyload\" \/><\/a><\/figure>\n","protected":false},"excerpt":{"rendered":"<p>Na cidade de S\u00e3o Mamede, Regi\u00e3o Metropolitana de Patos, na Rua Jos\u00e9 Jacinto de Lucena, no Conjunto Agenor Rique, vive a agricultora aposentada Honorina Ant\u00f4nia&hellip; <\/p>\n","protected":false},"author":2,"featured_media":152845,"comment_status":"closed","ping_status":"closed","sticky":false,"template":"","format":"standard","meta":{"sfsi_plus_gutenberg_text_before_share":"","sfsi_plus_gutenberg_show_text_before_share":"","sfsi_plus_gutenberg_icon_type":"","sfsi_plus_gutenberg_icon_alignemt":"","sfsi_plus_gutenburg_max_per_row":"","footnotes":""},"categories":[50,2],"tags":[],"class_list":["post-152844","post","type-post","status-publish","format-standard","has-post-thumbnail","hentry","category-destaque","category-geral"],"_links":{"self":[{"href":"https:\/\/www.caririemacao.com\/1\/wp-json\/wp\/v2\/posts\/152844","targetHints":{"allow":["GET"]}}],"collection":[{"href":"https:\/\/www.caririemacao.com\/1\/wp-json\/wp\/v2\/posts"}],"about":[{"href":"https:\/\/www.caririemacao.com\/1\/wp-json\/wp\/v2\/types\/post"}],"author":[{"embeddable":true,"href":"https:\/\/www.caririemacao.com\/1\/wp-json\/wp\/v2\/users\/2"}],"replies":[{"embeddable":true,"href":"https:\/\/www.caririemacao.com\/1\/wp-json\/wp\/v2\/comments?post=152844"}],"version-history":[{"count":1,"href":"https:\/\/www.caririemacao.com\/1\/wp-json\/wp\/v2\/posts\/152844\/revisions"}],"predecessor-version":[{"id":152846,"href":"https:\/\/www.caririemacao.com\/1\/wp-json\/wp\/v2\/posts\/152844\/revisions\/152846"}],"wp:featuredmedia":[{"embeddable":true,"href":"https:\/\/www.caririemacao.com\/1\/wp-json\/wp\/v2\/media\/152845"}],"wp:attachment":[{"href":"https:\/\/www.caririemacao.com\/1\/wp-json\/wp\/v2\/media?parent=152844"}],"wp:term":[{"taxonomy":"category","embeddable":true,"href":"https:\/\/www.caririemacao.com\/1\/wp-json\/wp\/v2\/categories?post=152844"},{"taxonomy":"post_tag","embeddable":true,"href":"https:\/\/www.caririemacao.com\/1\/wp-json\/wp\/v2\/tags?post=152844"}],"curies":[{"name":"wp","href":"https:\/\/api.w.org\/{rel}","templated":true}]}}