{"id":152848,"date":"2020-02-11T11:13:44","date_gmt":"2020-02-11T14:13:44","guid":{"rendered":"http:\/\/www.caririemacao.com\/1\/?p=152848"},"modified":"2020-02-11T11:13:46","modified_gmt":"2020-02-11T14:13:46","slug":"vaca-invade-pista-carro-colide-de-frente-e-animal-morre-em-rodovia-que-liga-assuncao-a-salgadinho","status":"publish","type":"post","link":"https:\/\/www.caririemacao.com\/1\/2020\/02\/11\/vaca-invade-pista-carro-colide-de-frente-e-animal-morre-em-rodovia-que-liga-assuncao-a-salgadinho\/","title":{"rendered":"Vaca invade pista, carro colide de frente e animal morre em rodovia que liga Assun\u00e7\u00e3o a Salgadinho"},"content":{"rendered":"\n<p>Na noite desta segunda-feira(10) um carro de passeio uma Strada cor cinza, placa NPV-1729, de propriedade do comerciante conhecido por Z\u00e9 de Chico Belo, colidiu com uma vaca que invadiu a pista, em estrada que liga os munic\u00edpios de Assun\u00e7\u00e3o e Salgadinho, interior da Para\u00edba.<\/p>\n\n\n\n<p>Conforme informa\u00e7\u00f5es colhidas pela nossa reportagem, no momento do ocorrido o ve\u00edculo era conduzido pelo filho do comerciante, que seguia normalmente pela rodovia quando se deparou com o animal na pista e colidiu de frente com a vaca.<\/p>\n\n\n\n<p>Com o impacto o carro ficou bastante danificado. O motorista n\u00e3o se feriu, j\u00e1 o animal n\u00e3o resistiu e morreu na hora.<\/p>\n\n\n\n<p>Populares da regi\u00e3o denunciam que a presen\u00e7a de animais soltos na pista vem sendo constantes e que vem colocando em risco a vida dos condutores de ve\u00edculos que trafegam diariamente pela rodovia.<\/p>\n\n\n\n<p><strong>De Olho no Cariri<\/strong><\/p>\n","protected":false},"excerpt":{"rendered":"<p>Na noite desta segunda-feira(10) um carro de passeio uma Strada cor cinza, placa NPV-1729, de propriedade do comerciante conhecido por Z\u00e9 de Chico Belo, colidiu&hellip; <\/p>\n","protected":false},"author":2,"featured_media":152849,"comment_status":"closed","ping_status":"closed","sticky":false,"template":"","format":"standard","meta":{"sfsi_plus_gutenberg_text_before_share":"","sfsi_plus_gutenberg_show_text_before_share":"","sfsi_plus_gutenberg_icon_type":"","sfsi_plus_gutenberg_icon_alignemt":"","sfsi_plus_gutenburg_max_per_row":"","footnotes":""},"categories":[50,12],"tags":[],"class_list":["post-152848","post","type-post","status-publish","format-standard","has-post-thumbnail","hentry","category-destaque","category-policia"],"_links":{"self":[{"href":"https:\/\/www.caririemacao.com\/1\/wp-json\/wp\/v2\/posts\/152848","targetHints":{"allow":["GET"]}}],"collection":[{"href":"https:\/\/www.caririemacao.com\/1\/wp-json\/wp\/v2\/posts"}],"about":[{"href":"https:\/\/www.caririemacao.com\/1\/wp-json\/wp\/v2\/types\/post"}],"author":[{"embeddable":true,"href":"https:\/\/www.caririemacao.com\/1\/wp-json\/wp\/v2\/users\/2"}],"replies":[{"embeddable":true,"href":"https:\/\/www.caririemacao.com\/1\/wp-json\/wp\/v2\/comments?post=152848"}],"version-history":[{"count":1,"href":"https:\/\/www.caririemacao.com\/1\/wp-json\/wp\/v2\/posts\/152848\/revisions"}],"predecessor-version":[{"id":152850,"href":"https:\/\/www.caririemacao.com\/1\/wp-json\/wp\/v2\/posts\/152848\/revisions\/152850"}],"wp:featuredmedia":[{"embeddable":true,"href":"https:\/\/www.caririemacao.com\/1\/wp-json\/wp\/v2\/media\/152849"}],"wp:attachment":[{"href":"https:\/\/www.caririemacao.com\/1\/wp-json\/wp\/v2\/media?parent=152848"}],"wp:term":[{"taxonomy":"category","embeddable":true,"href":"https:\/\/www.caririemacao.com\/1\/wp-json\/wp\/v2\/categories?post=152848"},{"taxonomy":"post_tag","embeddable":true,"href":"https:\/\/www.caririemacao.com\/1\/wp-json\/wp\/v2\/tags?post=152848"}],"curies":[{"name":"wp","href":"https:\/\/api.w.org\/{rel}","templated":true}]}}