{"id":152858,"date":"2020-02-11T13:01:31","date_gmt":"2020-02-11T16:01:31","guid":{"rendered":"http:\/\/www.caririemacao.com\/1\/?p=152858"},"modified":"2020-02-11T13:01:33","modified_gmt":"2020-02-11T16:01:33","slug":"prefeitura-de-sume-realiza-campanha-de-vacinacao-contra-o-sarampo","status":"publish","type":"post","link":"https:\/\/www.caririemacao.com\/1\/2020\/02\/11\/prefeitura-de-sume-realiza-campanha-de-vacinacao-contra-o-sarampo\/","title":{"rendered":"Prefeitura de Sum\u00e9 realiza campanha de vacina\u00e7\u00e3o contra o sarampo"},"content":{"rendered":"\n<p>A Prefeitura de Sum\u00e9, atrav\u00e9s da Secretaria de Sa\u00fade, est\u00e1 realizando a partir desta segunda feira (10), a campanha de vacina\u00e7\u00e3o contra o sarampo no munic\u00edpio.<\/p>\n\n\n\n<p>A campanha nacional acontece at\u00e9 o dia 13 de mar\u00e7o. Em Sum\u00e9 a \u00a0vacina\u00e7\u00e3o acontece em todas as unidades b\u00e1sicas de sa\u00fade e no departamento de Vigil\u00e2ncia em Sa\u00fade, sendo realizado no dia 15 de fevereiro \u00a0o dia \u201cD\u201d da campanha, \u00a0onde todos os postos estar\u00e3o atendendo a partir das 08 horas.<\/p>\n\n\n\n<p>A iniciativa do Minist\u00e9rio da Sa\u00fade \u00e9 destinada para pessoas de 5 a 19 anos de idade, que ainda n\u00e3o tomaram as duas doses indicadas para a faixa et\u00e1ria.<\/p>\n\n\n\n<p>A Secretaria de Sa\u00fade do munic\u00edpio alerta, que todas as pessoas que perderam a carteirinha de vacina\u00e7\u00e3o ou n\u00e3o t\u00eam registro das doses procurem o Centro de Sa\u00fade para atualizar o esquema vacinal.<\/p>\n\n\n\n<p>Quem tem at\u00e9 29 anos deve ter duas doses comprovadas em carteira de vacina\u00e7\u00e3o e dos 30 aos 59 anos, a recomenda\u00e7\u00e3o do Minist\u00e9rio da Sa\u00fade \u00e9 de uma dose.<\/p>\n","protected":false},"excerpt":{"rendered":"<p>A Prefeitura de Sum\u00e9, atrav\u00e9s da Secretaria de Sa\u00fade, est\u00e1 realizando a partir desta segunda feira (10), a campanha de vacina\u00e7\u00e3o contra o sarampo no&hellip; <\/p>\n","protected":false},"author":1,"featured_media":152865,"comment_status":"closed","ping_status":"closed","sticky":false,"template":"","format":"standard","meta":{"sfsi_plus_gutenberg_text_before_share":"","sfsi_plus_gutenberg_show_text_before_share":"","sfsi_plus_gutenberg_icon_type":"","sfsi_plus_gutenberg_icon_alignemt":"","sfsi_plus_gutenburg_max_per_row":"","footnotes":""},"categories":[6,50],"tags":[],"class_list":["post-152858","post","type-post","status-publish","format-standard","has-post-thumbnail","hentry","category-cidades","category-destaque"],"_links":{"self":[{"href":"https:\/\/www.caririemacao.com\/1\/wp-json\/wp\/v2\/posts\/152858","targetHints":{"allow":["GET"]}}],"collection":[{"href":"https:\/\/www.caririemacao.com\/1\/wp-json\/wp\/v2\/posts"}],"about":[{"href":"https:\/\/www.caririemacao.com\/1\/wp-json\/wp\/v2\/types\/post"}],"author":[{"embeddable":true,"href":"https:\/\/www.caririemacao.com\/1\/wp-json\/wp\/v2\/users\/1"}],"replies":[{"embeddable":true,"href":"https:\/\/www.caririemacao.com\/1\/wp-json\/wp\/v2\/comments?post=152858"}],"version-history":[{"count":1,"href":"https:\/\/www.caririemacao.com\/1\/wp-json\/wp\/v2\/posts\/152858\/revisions"}],"predecessor-version":[{"id":152866,"href":"https:\/\/www.caririemacao.com\/1\/wp-json\/wp\/v2\/posts\/152858\/revisions\/152866"}],"wp:featuredmedia":[{"embeddable":true,"href":"https:\/\/www.caririemacao.com\/1\/wp-json\/wp\/v2\/media\/152865"}],"wp:attachment":[{"href":"https:\/\/www.caririemacao.com\/1\/wp-json\/wp\/v2\/media?parent=152858"}],"wp:term":[{"taxonomy":"category","embeddable":true,"href":"https:\/\/www.caririemacao.com\/1\/wp-json\/wp\/v2\/categories?post=152858"},{"taxonomy":"post_tag","embeddable":true,"href":"https:\/\/www.caririemacao.com\/1\/wp-json\/wp\/v2\/tags?post=152858"}],"curies":[{"name":"wp","href":"https:\/\/api.w.org\/{rel}","templated":true}]}}