{"id":152860,"date":"2020-02-11T12:54:18","date_gmt":"2020-02-11T15:54:18","guid":{"rendered":"http:\/\/www.caririemacao.com\/1\/?p=152860"},"modified":"2020-02-11T12:54:22","modified_gmt":"2020-02-11T15:54:22","slug":"pagamento-de-13o-salario-do-bolsa-familia-pode-nao-acontecer-este-ano","status":"publish","type":"post","link":"https:\/\/www.caririemacao.com\/1\/2020\/02\/11\/pagamento-de-13o-salario-do-bolsa-familia-pode-nao-acontecer-este-ano\/","title":{"rendered":"Pagamento de 13\u00ba sal\u00e1rio do Bolsa Fam\u00edlia pode n\u00e3o acontecer este ano"},"content":{"rendered":"\n<p>O pagamento do 13\u00ba sal\u00e1rio a benefici\u00e1rios do Bolsa Fam\u00edlia pode n\u00e3o acontecer este ano. Isso porque, apesar de o governo ter anunciado que o pagamento extra seria anual, a medida provis\u00f3ria publicada em outubro do ano passado s\u00f3 garantia o cr\u00e9dito em dezembro de 2019, j\u00e1 que o documento inclu\u00eda o seguinte artigo: &#8220;Art. 2\u00ba-B. A parcela de benef\u00edcio financeiro de que trata o art. 2\u00ba relativa ao m\u00eas de dezembro de 2019 ser\u00e1 paga em dobro&#8221;.<\/p>\n\n\n\n<p>Somado a isso, a validade da MP de 120 dias est\u00e1 pr\u00f3xima do fim. Para se tornar lei, o texto precisa ser aprovado pelo Congresso Nacional dentro do prazo. Para Camila Rosadas, s\u00f3cia do escrit\u00f3rio Sergio Galv\u00e3o Advogados, a medida foi editada estrategicamente para melhorar as previs\u00f5es de inje\u00e7\u00e3o de dinheiro nas compras de fim de ano.<\/p>\n\n\n\n<p>\u2014 O governo, muito embora critique os programas de transfer\u00eancia social, conhecendo os dados estat\u00edsticos, principalmente aqueles ligados ao retorno para a economia, se utiliza deles para melhorar os seus \u00edndices e agradar tanto aos benefici\u00e1rios diretos da MP, quanto aos comerciantes, os quais correspondem \u00e0 grande base eleitoral do presidente \u2014 opinou.<\/p>\n\n\n\n<p>Na \u00faltima semana, o senador Randolfe Rodrigues (Rede-AP), relator da medida provis\u00f3ria, prop\u00f4s tornar o pagamento permanente e ainda estend\u00ea-lo para quem recebe o Benef\u00edcio de Presta\u00e7\u00e3o Continuada (BPC\/Loas) \u2014 idosos acima de 65 anos e pessoas com defici\u00eancia de baixa renda.<\/p>\n\n\n\n<p>Ao Congresso Nacional, cabem tr\u00eas op\u00e7\u00f5es: aprovar a MP conforme a reda\u00e7\u00e3o inicial feita pelo governo federal, aprovar as modifica\u00e7\u00f5es propostas ou rejeit\u00e1-las. Caso seja aprovada com mudan\u00e7as, Bolsonaro dever\u00e1 escolher sancionar o texto integralmente, parcialmente ou vet\u00e1-lo.<\/p>\n\n\n\n<p>Camila Rosadas avalia ser incoerente o governo apoiar uma reforma legislativa que trouxesse a previs\u00e3o do benef\u00edcio em definitivo:<\/p>\n\n\n\n<p>\u2014 Isso teria que entrar no or\u00e7amento, e a meta atual \u00e9 reduzir os gastos, ainda que \u00e0s custas dos mais necessitados.<\/p>\n\n\n\n<p>O pagamento do 13\u00ba sal\u00e1rio do Bolsa Fam\u00edlia em 2019 custou aos cofres p\u00fablicos em torno de R$ 2,5 bilh\u00f5es.<\/p>\n\n\n\n<p><strong>BPC\/Loas<\/strong><\/p>\n\n\n\n<p>O Benef\u00edcio de Presta\u00e7\u00e3o Continuada (BPC\/Loas) \u2014 pago pelo INSS a idosos e pessoas com defici\u00eancia carentes \u2014 tamb\u00e9m baseia-se no sal\u00e1rio m\u00ednimo nacional (R$ 1.045, a partir de fevereiro de 2020).<\/p>\n\n\n\n<p>Para ter direito ao pagamento, \u00e9 preciso ter mais de 65 anos ou uma defici\u00eancia que impe\u00e7a a pessoa de trabalhar, al\u00e9m de renda mensal de at\u00e9 25% do piso nacional por pessoa da fam\u00edlia. Hoje, essa renda m\u00ednima exigida por pessoa \u00e9 de R$ 261,25.<\/p>\n","protected":false},"excerpt":{"rendered":"<p>O pagamento do 13\u00ba sal\u00e1rio a benefici\u00e1rios do Bolsa Fam\u00edlia pode n\u00e3o acontecer este ano. Isso porque, apesar de o governo ter anunciado que o&hellip; <\/p>\n","protected":false},"author":2,"featured_media":88412,"comment_status":"closed","ping_status":"closed","sticky":false,"template":"","format":"standard","meta":{"sfsi_plus_gutenberg_text_before_share":"","sfsi_plus_gutenberg_show_text_before_share":"","sfsi_plus_gutenberg_icon_type":"","sfsi_plus_gutenberg_icon_alignemt":"","sfsi_plus_gutenburg_max_per_row":"","footnotes":""},"categories":[2],"tags":[],"class_list":["post-152860","post","type-post","status-publish","format-standard","has-post-thumbnail","hentry","category-geral"],"_links":{"self":[{"href":"https:\/\/www.caririemacao.com\/1\/wp-json\/wp\/v2\/posts\/152860","targetHints":{"allow":["GET"]}}],"collection":[{"href":"https:\/\/www.caririemacao.com\/1\/wp-json\/wp\/v2\/posts"}],"about":[{"href":"https:\/\/www.caririemacao.com\/1\/wp-json\/wp\/v2\/types\/post"}],"author":[{"embeddable":true,"href":"https:\/\/www.caririemacao.com\/1\/wp-json\/wp\/v2\/users\/2"}],"replies":[{"embeddable":true,"href":"https:\/\/www.caririemacao.com\/1\/wp-json\/wp\/v2\/comments?post=152860"}],"version-history":[{"count":1,"href":"https:\/\/www.caririemacao.com\/1\/wp-json\/wp\/v2\/posts\/152860\/revisions"}],"predecessor-version":[{"id":152861,"href":"https:\/\/www.caririemacao.com\/1\/wp-json\/wp\/v2\/posts\/152860\/revisions\/152861"}],"wp:featuredmedia":[{"embeddable":true,"href":"https:\/\/www.caririemacao.com\/1\/wp-json\/wp\/v2\/media\/88412"}],"wp:attachment":[{"href":"https:\/\/www.caririemacao.com\/1\/wp-json\/wp\/v2\/media?parent=152860"}],"wp:term":[{"taxonomy":"category","embeddable":true,"href":"https:\/\/www.caririemacao.com\/1\/wp-json\/wp\/v2\/categories?post=152860"},{"taxonomy":"post_tag","embeddable":true,"href":"https:\/\/www.caririemacao.com\/1\/wp-json\/wp\/v2\/tags?post=152860"}],"curies":[{"name":"wp","href":"https:\/\/api.w.org\/{rel}","templated":true}]}}