{"id":152867,"date":"2020-02-11T15:34:29","date_gmt":"2020-02-11T18:34:29","guid":{"rendered":"http:\/\/www.caririemacao.com\/1\/?p=152867"},"modified":"2020-02-12T06:29:23","modified_gmt":"2020-02-12T09:29:23","slug":"congo-presidente-da-camara-convoca-vereadores-para-1a-reuniao","status":"publish","type":"post","link":"https:\/\/www.caririemacao.com\/1\/2020\/02\/11\/congo-presidente-da-camara-convoca-vereadores-para-1a-reuniao\/","title":{"rendered":"Congo: Presidente da C\u00e2mara convida vereadores para 1\u00aa reuni\u00e3o do ano"},"content":{"rendered":"\n<p>O Presidente da C\u00e2mara Municipal do Congo, Len\u00edlson Silva, convocou na manh\u00e3 do \u00faltimo dia 04, de fevereiro. Os vereadores do Poder Legislativo do Congo, para participar da primeira reuni\u00e3o ordin\u00e1ria. <\/p>\n\n\n\n<p>A reuni\u00e3o acontecer\u00e1 no plen\u00e1rio da C\u00e2mara  Municipal, e ser\u00e1 realizada \u00e0s 19h00min, na pr\u00f3xima quinta-feira, dia 13 de fevereiro deste ano. <\/p>\n","protected":false},"excerpt":{"rendered":"<p>O Presidente da C\u00e2mara Municipal do Congo, Len\u00edlson Silva, convocou na manh\u00e3 do \u00faltimo dia 04, de fevereiro. Os vereadores do Poder Legislativo do Congo,&hellip; <\/p>\n","protected":false},"author":1,"featured_media":152893,"comment_status":"closed","ping_status":"closed","sticky":false,"template":"","format":"standard","meta":{"sfsi_plus_gutenberg_text_before_share":"","sfsi_plus_gutenberg_show_text_before_share":"","sfsi_plus_gutenberg_icon_type":"","sfsi_plus_gutenberg_icon_alignemt":"","sfsi_plus_gutenburg_max_per_row":"","footnotes":""},"categories":[6,50],"tags":[],"class_list":["post-152867","post","type-post","status-publish","format-standard","has-post-thumbnail","hentry","category-cidades","category-destaque"],"_links":{"self":[{"href":"https:\/\/www.caririemacao.com\/1\/wp-json\/wp\/v2\/posts\/152867","targetHints":{"allow":["GET"]}}],"collection":[{"href":"https:\/\/www.caririemacao.com\/1\/wp-json\/wp\/v2\/posts"}],"about":[{"href":"https:\/\/www.caririemacao.com\/1\/wp-json\/wp\/v2\/types\/post"}],"author":[{"embeddable":true,"href":"https:\/\/www.caririemacao.com\/1\/wp-json\/wp\/v2\/users\/1"}],"replies":[{"embeddable":true,"href":"https:\/\/www.caririemacao.com\/1\/wp-json\/wp\/v2\/comments?post=152867"}],"version-history":[{"count":2,"href":"https:\/\/www.caririemacao.com\/1\/wp-json\/wp\/v2\/posts\/152867\/revisions"}],"predecessor-version":[{"id":152894,"href":"https:\/\/www.caririemacao.com\/1\/wp-json\/wp\/v2\/posts\/152867\/revisions\/152894"}],"wp:featuredmedia":[{"embeddable":true,"href":"https:\/\/www.caririemacao.com\/1\/wp-json\/wp\/v2\/media\/152893"}],"wp:attachment":[{"href":"https:\/\/www.caririemacao.com\/1\/wp-json\/wp\/v2\/media?parent=152867"}],"wp:term":[{"taxonomy":"category","embeddable":true,"href":"https:\/\/www.caririemacao.com\/1\/wp-json\/wp\/v2\/categories?post=152867"},{"taxonomy":"post_tag","embeddable":true,"href":"https:\/\/www.caririemacao.com\/1\/wp-json\/wp\/v2\/tags?post=152867"}],"curies":[{"name":"wp","href":"https:\/\/api.w.org\/{rel}","templated":true}]}}