{"id":152869,"date":"2020-02-11T15:50:47","date_gmt":"2020-02-11T18:50:47","guid":{"rendered":"http:\/\/www.caririemacao.com\/1\/?p=152869"},"modified":"2020-02-11T15:50:49","modified_gmt":"2020-02-11T18:50:49","slug":"prefeito-jefferson-assina-ordem-de-servico-para-construcao-de-escola","status":"publish","type":"post","link":"https:\/\/www.caririemacao.com\/1\/2020\/02\/11\/prefeito-jefferson-assina-ordem-de-servico-para-construcao-de-escola\/","title":{"rendered":"Prefeito Jefferson assina ordem de servi\u00e7o, para constru\u00e7\u00e3o de escola"},"content":{"rendered":"\n<p>O Prefeito de S\u00e3o Jos\u00e9 dos Cordeiros, Jefferson Roberto, assinou na manh\u00e3 desta ter\u00e7a-feira, 11, uma ordem de servi\u00e7os<br>para a constru\u00e7\u00e3o de uma escola, com 4 salas de aula, em S\u00e3o Jos\u00e9 dos Cordeiros. <\/p>\n\n\n\n<p>O conv\u00eanio foi assinado entre a Prefeitura de S\u00e3o Jos\u00e9 dos Cordeiros e o Governo do Estado da Para\u00edba, atrav\u00e9s do Governador Jo\u00e3o Azevedo. O conv\u00eanio ainda contou, com o apoio do  Deputado Estadual, Adriano Galdino. <\/p>\n\n\n\n<p>Os valores que ser\u00e3o investidos, s\u00e3o de: R$ 80.000,00 para aquisi\u00e7\u00e3o do terreno com recursos da se\u00e7\u00e3o onerosa e com recursos do estado R$ 706.385,54. E como resultado, ir\u00e1 melhorar as condi\u00e7\u00f5es f\u00edsicas para os profissionais da educa\u00e7\u00e3o, e para os alunos. <\/p>\n\n\n\n<p>Al\u00e9m disso, o conv\u00eanio ir\u00e1 gerar emprego e renda para trabalhadores, e para o com\u00e9rcio local. &#8220;Que Deus continue nos aben\u00e7oando&#8221;, disse o prefeito. <\/p>\n","protected":false},"excerpt":{"rendered":"<p>O Prefeito de S\u00e3o Jos\u00e9 dos Cordeiros, Jefferson Roberto, assinou na manh\u00e3 desta ter\u00e7a-feira, 11, uma ordem de servi\u00e7ospara a constru\u00e7\u00e3o de uma escola, com&hellip; <\/p>\n","protected":false},"author":1,"featured_media":30380,"comment_status":"closed","ping_status":"closed","sticky":false,"template":"","format":"standard","meta":{"sfsi_plus_gutenberg_text_before_share":"","sfsi_plus_gutenberg_show_text_before_share":"","sfsi_plus_gutenberg_icon_type":"","sfsi_plus_gutenberg_icon_alignemt":"","sfsi_plus_gutenburg_max_per_row":"","footnotes":""},"categories":[6,50],"tags":[],"class_list":["post-152869","post","type-post","status-publish","format-standard","has-post-thumbnail","hentry","category-cidades","category-destaque"],"_links":{"self":[{"href":"https:\/\/www.caririemacao.com\/1\/wp-json\/wp\/v2\/posts\/152869","targetHints":{"allow":["GET"]}}],"collection":[{"href":"https:\/\/www.caririemacao.com\/1\/wp-json\/wp\/v2\/posts"}],"about":[{"href":"https:\/\/www.caririemacao.com\/1\/wp-json\/wp\/v2\/types\/post"}],"author":[{"embeddable":true,"href":"https:\/\/www.caririemacao.com\/1\/wp-json\/wp\/v2\/users\/1"}],"replies":[{"embeddable":true,"href":"https:\/\/www.caririemacao.com\/1\/wp-json\/wp\/v2\/comments?post=152869"}],"version-history":[{"count":1,"href":"https:\/\/www.caririemacao.com\/1\/wp-json\/wp\/v2\/posts\/152869\/revisions"}],"predecessor-version":[{"id":152870,"href":"https:\/\/www.caririemacao.com\/1\/wp-json\/wp\/v2\/posts\/152869\/revisions\/152870"}],"wp:featuredmedia":[{"embeddable":true,"href":"https:\/\/www.caririemacao.com\/1\/wp-json\/wp\/v2\/media\/30380"}],"wp:attachment":[{"href":"https:\/\/www.caririemacao.com\/1\/wp-json\/wp\/v2\/media?parent=152869"}],"wp:term":[{"taxonomy":"category","embeddable":true,"href":"https:\/\/www.caririemacao.com\/1\/wp-json\/wp\/v2\/categories?post=152869"},{"taxonomy":"post_tag","embeddable":true,"href":"https:\/\/www.caririemacao.com\/1\/wp-json\/wp\/v2\/tags?post=152869"}],"curies":[{"name":"wp","href":"https:\/\/api.w.org\/{rel}","templated":true}]}}