{"id":152872,"date":"2020-02-11T17:04:50","date_gmt":"2020-02-11T20:04:50","guid":{"rendered":"http:\/\/www.caririemacao.com\/1\/?p=152872"},"modified":"2020-02-11T17:04:52","modified_gmt":"2020-02-11T20:04:52","slug":"secretaria-de-educacao-altera-data-de-entrevista-e-dos-resultados-do-pss-para-auxiliar-de-desenvolvimento-cognitivo-infantil","status":"publish","type":"post","link":"https:\/\/www.caririemacao.com\/1\/2020\/02\/11\/secretaria-de-educacao-altera-data-de-entrevista-e-dos-resultados-do-pss-para-auxiliar-de-desenvolvimento-cognitivo-infantil\/","title":{"rendered":"Secretaria de Educa\u00e7\u00e3o altera data de entrevista e dos resultados do PSS para auxiliar de desenvolvimento cognitivo infantil"},"content":{"rendered":"\n<p>Devido ao grande n\u00famero de inscritos para o Processo Seletivo Simplificado de Auxiliar de Desenvolvimento Cognitivo infantil. A Secretaria de Educa\u00e7\u00e3o de Sum\u00e9 alterou a data da entrevista dos candidatos e dos resultados do PSS. Confira:<\/p>\n\n\n\n<p><strong>ERRATA 02&nbsp;<\/strong><\/p>\n\n\n\n<p><strong>EDITAL 01\/2020<\/strong><\/p>\n\n\n\n<p><strong>PROCESSO SELETIVO SIMPLIFICADO N\u00b0 01\/2020<\/strong><\/p>\n\n\n\n<p>A Presidente da Comiss\u00e3o de Fiscaliza\u00e7\u00e3o e Acompanhamento do Processo Seletivo P\u00fablico, institu\u00edda pela Portaria N\u00ba 6.026\/2020, PROCESSO SELETIVO SIMPLIFICADO N\u00ba 01\/2020, com vistas \u00e0 sele\u00e7\u00e3o de&nbsp;<strong>05 (cinco) Auxiliares de Desenvolvimento Cognitivo Infantil e Forma\u00e7\u00e3o de Cadastro de Reserva,<\/strong>&nbsp;para contrata\u00e7\u00e3o por tempo determinado, em car\u00e1ter excepcional de interesse p\u00fablico a fim de preencher vaga do PSS 01\/2020, que prestar\u00e1 servi\u00e7o nas Unidades Municipais de Ensino de Sum\u00e9 \u2013 PB, e pelas disposi\u00e7\u00f5es regulamentares contidas no presente Edital e seus anexos, publica&nbsp;<strong>ERRATA<\/strong>&nbsp;junto ao EDITAL 01\/2020, fazendo Constar:<\/p>\n\n\n\n<ol class=\"wp-block-list\"><li><strong>DO PROCESSO DE SELE\u00c7\u00c3O<\/strong><\/li><\/ol>\n\n\n\n<p><strong>ITEM 5.5, AL\u00cdNEA B:<\/strong><\/p>\n\n\n\n<p><strong>ONDE SE L\u00ca:<\/strong><\/p>\n\n\n\n<p>Os candidatos devem comparecer, impreterivelmente, na Secretaria Municipal de Educa\u00e7\u00e3o no dia&nbsp;<strong>12\/02\/2020 das 08h \u00e0s 08h30min. para a entrevista, seguindo por ordem de chegada<\/strong>. O candidato que n\u00e3o comparecer ser\u00e1 desclassificado.<\/p>\n\n\n\n<ul class=\"wp-block-list\"><li><strong>LEIA-SE:<\/strong><\/li><\/ul>\n\n\n\n<p>Os candidatos devem comparecer, impreterivelmente, na Secretaria Municipal de Educa\u00e7\u00e3o nos dias&nbsp;<strong>13 e 14\/02\/2020 das 08h \u00e0s 08h30min.&nbsp;<\/strong>para a entrevista, seguindo por ordem de chegada. O candidato que n\u00e3o comparecer ser\u00e1 desclassificado.<\/p>\n\n\n\n<p><strong>DO RESULTADO DO PROCESSO DE SELE\u00c7\u00c3O E DA ORDEM DE CLASSIFICA\u00c7\u00c3O \u2013 1\u00ba E 2\u00ba FASES<\/strong><\/p>\n\n\n\n<p><strong>ITEM 6.1<\/strong><\/p>\n\n\n\n<p><strong>ONDE SE L\u00ca:<\/strong><\/p>\n\n\n\n<p>O resultado PRELIMINAR do PSS ser\u00e1 divulgado no dia&nbsp;<strong>14 de fevereiro de 2020<\/strong>;<\/p>\n\n\n\n<ul class=\"wp-block-list\"><li><strong>LEIA-SE:<\/strong><\/li><\/ul>\n\n\n\n<p>O resultado PRELIMINAR do PSS ser\u00e1 divulgado no dia&nbsp;<strong>17 de fevereiro de 2020<\/strong>;<\/p>\n\n\n\n<p><strong>ITEM 6.4<\/strong><\/p>\n\n\n\n<p><strong>ONDE SE L\u00ca:<\/strong><\/p>\n\n\n\n<p>O resultado FINAL do Processo de Sele\u00e7\u00e3o Simplificada ser\u00e1 divulgado no dia&nbsp;<strong>17 de fevereiro de 2020<\/strong>;<\/p>\n\n\n\n<ul class=\"wp-block-list\"><li><strong>LEIA-SE:<\/strong><\/li><\/ul>\n\n\n\n<p>O resultado FINAL do Processo de Sele\u00e7\u00e3o Simplificada ser\u00e1 divulgado no dia&nbsp;<strong>18 de fevereiro de 2020<\/strong>;<\/p>\n\n\n\n<p>Sum\u00e9\/PB, 11 de fevereiro de 2020<\/p>\n\n\n\n<p><strong>MARIA DO SOCORRO SOUZA SARMENTO<\/strong><\/p>\n\n\n\n<p>Presidente da Comiss\u00e3o<\/p>\n","protected":false},"excerpt":{"rendered":"<p>Devido ao grande n\u00famero de inscritos para o Processo Seletivo Simplificado de Auxiliar de Desenvolvimento Cognitivo infantil. A Secretaria de Educa\u00e7\u00e3o de Sum\u00e9 alterou a&hellip; <\/p>\n","protected":false},"author":2,"featured_media":152134,"comment_status":"closed","ping_status":"closed","sticky":false,"template":"","format":"standard","meta":{"sfsi_plus_gutenberg_text_before_share":"","sfsi_plus_gutenberg_show_text_before_share":"","sfsi_plus_gutenberg_icon_type":"","sfsi_plus_gutenberg_icon_alignemt":"","sfsi_plus_gutenburg_max_per_row":"","footnotes":""},"categories":[50,2],"tags":[],"class_list":["post-152872","post","type-post","status-publish","format-standard","has-post-thumbnail","hentry","category-destaque","category-geral"],"_links":{"self":[{"href":"https:\/\/www.caririemacao.com\/1\/wp-json\/wp\/v2\/posts\/152872","targetHints":{"allow":["GET"]}}],"collection":[{"href":"https:\/\/www.caririemacao.com\/1\/wp-json\/wp\/v2\/posts"}],"about":[{"href":"https:\/\/www.caririemacao.com\/1\/wp-json\/wp\/v2\/types\/post"}],"author":[{"embeddable":true,"href":"https:\/\/www.caririemacao.com\/1\/wp-json\/wp\/v2\/users\/2"}],"replies":[{"embeddable":true,"href":"https:\/\/www.caririemacao.com\/1\/wp-json\/wp\/v2\/comments?post=152872"}],"version-history":[{"count":1,"href":"https:\/\/www.caririemacao.com\/1\/wp-json\/wp\/v2\/posts\/152872\/revisions"}],"predecessor-version":[{"id":152873,"href":"https:\/\/www.caririemacao.com\/1\/wp-json\/wp\/v2\/posts\/152872\/revisions\/152873"}],"wp:featuredmedia":[{"embeddable":true,"href":"https:\/\/www.caririemacao.com\/1\/wp-json\/wp\/v2\/media\/152134"}],"wp:attachment":[{"href":"https:\/\/www.caririemacao.com\/1\/wp-json\/wp\/v2\/media?parent=152872"}],"wp:term":[{"taxonomy":"category","embeddable":true,"href":"https:\/\/www.caririemacao.com\/1\/wp-json\/wp\/v2\/categories?post=152872"},{"taxonomy":"post_tag","embeddable":true,"href":"https:\/\/www.caririemacao.com\/1\/wp-json\/wp\/v2\/tags?post=152872"}],"curies":[{"name":"wp","href":"https:\/\/api.w.org\/{rel}","templated":true}]}}