{"id":152874,"date":"2020-02-11T17:10:33","date_gmt":"2020-02-11T20:10:33","guid":{"rendered":"http:\/\/www.caririemacao.com\/1\/?p=152874"},"modified":"2020-02-11T17:10:35","modified_gmt":"2020-02-11T20:10:35","slug":"genivaldo-fernandes-surge-como-opcao-para-disputar-a-prefeitura-de-prata-pelo-grupo-de-situacao","status":"publish","type":"post","link":"https:\/\/www.caririemacao.com\/1\/2020\/02\/11\/genivaldo-fernandes-surge-como-opcao-para-disputar-a-prefeitura-de-prata-pelo-grupo-de-situacao\/","title":{"rendered":"Genivaldo Fernandes surge como op\u00e7\u00e3o para disputar a Prefeitura de Prata pelo grupo de situa\u00e7\u00e3o"},"content":{"rendered":"\n<p>O nome do secret\u00e1rio de Agricultura do munic\u00edpio de Prata, Genivaldo Fernandes, est\u00e1 sendo bastante cotado para disputar a Prefeitura de Prata nas pr\u00f3ximas elei\u00e7\u00f5es, pelo grupo pol\u00edtico do prefeito J\u00fanior N\u00f3brega.<\/p>\n\n\n\n<p><br>De acordo com informa\u00e7\u00f5es colhidas pelo Cariri Ligado, o nome de Genivaldo j\u00e1 teria o aval do prefeito J\u00fanior N\u00f3brega e de todo o grupo, al\u00e9m de contar com o apoio tamb\u00e9m de v\u00e1rios integrantes da oposi\u00e7\u00e3o do munic\u00edpio.<\/p>\n\n\n\n<p><br>Genivaldo acompanha o prefeito J\u00fanior N\u00f3brega desde sua primeira campanha eleitoral, \u00e9poca em que n\u00e3o conseguiu se eleger. <\/p>\n\n\n\n<p>Permaneceu aliado de J\u00fanior como coordenador de sua campanha na elei\u00e7\u00e3o seguinte, quando finalmente foi eleito prefeito de Prata. <\/p>\n\n\n\n<p>Foi secret\u00e1rio de Finan\u00e7as e atualmente est\u00e1 \u00e0 frente da Secretaria de Agricultura.Procurado pela reportagem, o prefeito J\u00fanior disse que o nome de Genivaldo surgiu naturalmente e est\u00e1 sendo muito bem aceito por todo o grupo. \u201cAcreditamos que o nome para continuar o trabalho que iniciamos deve ser aceito por todos. <\/p>\n\n\n\n<p>Vamos aguardar o momento certo para batermos o martelo e lan\u00e7ar oficialmente nosso pr\u00e9-candidato\u201d, comentou J\u00fanior N\u00f3brega.<\/p>\n\n\n\n<p>Com cariri ligado<br><\/p>\n\n\n\n<figure class=\"wp-block-image\"><a href=\"https:\/\/1.bp.blogspot.com\/-lSnytEXQJ2Q\/XkKUIkTcv-I\/AAAAAAABVQM\/-DaUffVVxT4G7JF6qXIGW2qqHJiIUOp0QCLcBGAsYHQ\/s1600\/FB_IMG_1581386093799.jpg\"><img decoding=\"async\" data-src=\"https:\/\/1.bp.blogspot.com\/-lSnytEXQJ2Q\/XkKUIkTcv-I\/AAAAAAABVQM\/-DaUffVVxT4G7JF6qXIGW2qqHJiIUOp0QCLcBGAsYHQ\/s320\/FB_IMG_1581386093799.jpg\" alt=\"\" src=\"data:image\/svg+xml;base64,PHN2ZyB3aWR0aD0iMSIgaGVpZ2h0PSIxIiB4bWxucz0iaHR0cDovL3d3dy53My5vcmcvMjAwMC9zdmciPjwvc3ZnPg==\" class=\"lazyload\" \/><\/a><\/figure>\n","protected":false},"excerpt":{"rendered":"<p>O nome do secret\u00e1rio de Agricultura do munic\u00edpio de Prata, Genivaldo Fernandes, est\u00e1 sendo bastante cotado para disputar a Prefeitura de Prata nas pr\u00f3ximas elei\u00e7\u00f5es,&hellip; <\/p>\n","protected":false},"author":2,"featured_media":152875,"comment_status":"closed","ping_status":"closed","sticky":false,"template":"","format":"standard","meta":{"sfsi_plus_gutenberg_text_before_share":"","sfsi_plus_gutenberg_show_text_before_share":"","sfsi_plus_gutenberg_icon_type":"","sfsi_plus_gutenberg_icon_alignemt":"","sfsi_plus_gutenburg_max_per_row":"","footnotes":""},"categories":[6],"tags":[],"class_list":["post-152874","post","type-post","status-publish","format-standard","has-post-thumbnail","hentry","category-cidades"],"_links":{"self":[{"href":"https:\/\/www.caririemacao.com\/1\/wp-json\/wp\/v2\/posts\/152874","targetHints":{"allow":["GET"]}}],"collection":[{"href":"https:\/\/www.caririemacao.com\/1\/wp-json\/wp\/v2\/posts"}],"about":[{"href":"https:\/\/www.caririemacao.com\/1\/wp-json\/wp\/v2\/types\/post"}],"author":[{"embeddable":true,"href":"https:\/\/www.caririemacao.com\/1\/wp-json\/wp\/v2\/users\/2"}],"replies":[{"embeddable":true,"href":"https:\/\/www.caririemacao.com\/1\/wp-json\/wp\/v2\/comments?post=152874"}],"version-history":[{"count":1,"href":"https:\/\/www.caririemacao.com\/1\/wp-json\/wp\/v2\/posts\/152874\/revisions"}],"predecessor-version":[{"id":152876,"href":"https:\/\/www.caririemacao.com\/1\/wp-json\/wp\/v2\/posts\/152874\/revisions\/152876"}],"wp:featuredmedia":[{"embeddable":true,"href":"https:\/\/www.caririemacao.com\/1\/wp-json\/wp\/v2\/media\/152875"}],"wp:attachment":[{"href":"https:\/\/www.caririemacao.com\/1\/wp-json\/wp\/v2\/media?parent=152874"}],"wp:term":[{"taxonomy":"category","embeddable":true,"href":"https:\/\/www.caririemacao.com\/1\/wp-json\/wp\/v2\/categories?post=152874"},{"taxonomy":"post_tag","embeddable":true,"href":"https:\/\/www.caririemacao.com\/1\/wp-json\/wp\/v2\/tags?post=152874"}],"curies":[{"name":"wp","href":"https:\/\/api.w.org\/{rel}","templated":true}]}}