{"id":152879,"date":"2020-02-11T18:14:46","date_gmt":"2020-02-11T21:14:46","guid":{"rendered":"http:\/\/www.caririemacao.com\/1\/?p=152879"},"modified":"2020-02-11T18:14:48","modified_gmt":"2020-02-11T21:14:48","slug":"ex-deputado-estadual-e-preso-no-sertao-da-paraiba","status":"publish","type":"post","link":"https:\/\/www.caririemacao.com\/1\/2020\/02\/11\/ex-deputado-estadual-e-preso-no-sertao-da-paraiba\/","title":{"rendered":"Ex-deputado estadual \u00e9 preso no Sert\u00e3o da Para\u00edba"},"content":{"rendered":"\n<figure class=\"wp-block-image\"><img decoding=\"async\" data-src=\"http:\/\/www.blogdobrunolira.com.br\/wp-content\/uploads\/2020\/02\/biu_fernandes-740x414.jpg\" alt=\"\" src=\"data:image\/svg+xml;base64,PHN2ZyB3aWR0aD0iMSIgaGVpZ2h0PSIxIiB4bWxucz0iaHR0cDovL3d3dy53My5vcmcvMjAwMC9zdmciPjwvc3ZnPg==\" class=\"lazyload\" style=\"--smush-placeholder-width: 740px; --smush-placeholder-aspect-ratio: 740\/414;\" \/><\/figure>\n\n\n\n<p>O&nbsp;ex-deputado estadual Biu Fernandes, de 78 anos de idade, foi preso nesta ter\u00e7a-feira (11) na cidade de Patos, no Sert\u00e3o do Estado. Um v\u00eddeo compartilhado nas redes sociais registra o momento exato em que o ex-deputado foi preso.<\/p>\n\n\n\n<p>De acordo com as primeiras informa\u00e7\u00f5es, ele teria desacatado policiais militares. O v\u00eddeo registra o momento em que Biu \u00e9 contido pelos policiais e algemado.<\/p>\n\n\n\n<p>De acordo com informa\u00e7\u00f5es, Biu estava em sua propriedade capinando a vegeta\u00e7\u00e3o na frente quando foi abordado por policiais militares que passavam pelo local. Os policiais teriam pedido que o ex-deputado entregasse a faca que estava usando, recebendo a negativa de Biu, que saiu do local e foi para um estabelecimento localizado na frente de sua propriedade.<\/p>\n\n\n\n<p>Neste momento, os policiais teriam se dirigido at\u00e9 o estabelecimento e pedido para que Biu Fernandes entregasse a faca peixeira, recebendo a negativa do ex-deputado.<\/p>\n\n\n\n<p>Diante da recusa, os policiais decidiram dar voz de pris\u00e3o ao ex-deputado e o conduziram at\u00e9 a Delegacia de Pol\u00edcia Civil, em Patos. De acordo com as primeiras informa\u00e7\u00f5es, os policiais prenderam Biu Fernandes por desacato.<\/p>\n\n\n\n<figure><iframe data-src=\"https:\/\/www.youtube.com\/embed\/W_IR76J-t8k\" width=\"640\" height=\"360\" allowfullscreen=\"allowfullscreen\" src=\"data:image\/svg+xml;base64,PHN2ZyB3aWR0aD0iMSIgaGVpZ2h0PSIxIiB4bWxucz0iaHR0cDovL3d3dy53My5vcmcvMjAwMC9zdmciPjwvc3ZnPg==\" class=\"lazyload\" data-load-mode=\"1\"><\/iframe><\/figure>\n\n\n\n<p>Na delegacia, o ex-deputado Biu Fernandes acusou os policiais de abuso de autoridade, o que teria sido negado por eles. Depois de prestar depoimento, Biu ainda assinou um Termo Circunstanciado de Ocorr\u00eancia (TCO) e foi liberado no fim da manh\u00e3.<\/p>\n\n\n\n<p>Indignado com a situa\u00e7\u00e3o, Biu declarou que pretende acionar a Corregedoria da Pol\u00edcia Militar e denunciar os oficiais por abuso de autoridade.<\/p>\n\n\n\n<p>Natural da cidade de Catol\u00e9 do Rocha, no Sert\u00e3o do Estado, Biu Fernandes j\u00e1 foi prefeito da cidade onde nasceu, al\u00e9m de ter exercido o cargo de deputado estadual. Por mais de 30 anos ele trabalhou no Fisco estadual, como agente fiscal e coletor. Exerceu o cargo de diretor da Receita do Estado, foi diretor do DECAP no IPEP, professor da Universidade Federal da Para\u00edba por mais de 20 anos, fundador e primeiro presidente do Sindifisco paraibano.<\/p>\n\n\n\n<p><strong>ClickPB<\/strong><\/p>\n","protected":false},"excerpt":{"rendered":"<p>O&nbsp;ex-deputado estadual Biu Fernandes, de 78 anos de idade, foi preso nesta ter\u00e7a-feira (11) na cidade de Patos, no Sert\u00e3o do Estado. Um v\u00eddeo compartilhado&hellip; <\/p>\n","protected":false},"author":2,"featured_media":152886,"comment_status":"closed","ping_status":"closed","sticky":false,"template":"","format":"standard","meta":{"sfsi_plus_gutenberg_text_before_share":"","sfsi_plus_gutenberg_show_text_before_share":"","sfsi_plus_gutenberg_icon_type":"","sfsi_plus_gutenberg_icon_alignemt":"","sfsi_plus_gutenburg_max_per_row":"","footnotes":""},"categories":[12],"tags":[],"class_list":["post-152879","post","type-post","status-publish","format-standard","has-post-thumbnail","hentry","category-policia"],"_links":{"self":[{"href":"https:\/\/www.caririemacao.com\/1\/wp-json\/wp\/v2\/posts\/152879","targetHints":{"allow":["GET"]}}],"collection":[{"href":"https:\/\/www.caririemacao.com\/1\/wp-json\/wp\/v2\/posts"}],"about":[{"href":"https:\/\/www.caririemacao.com\/1\/wp-json\/wp\/v2\/types\/post"}],"author":[{"embeddable":true,"href":"https:\/\/www.caririemacao.com\/1\/wp-json\/wp\/v2\/users\/2"}],"replies":[{"embeddable":true,"href":"https:\/\/www.caririemacao.com\/1\/wp-json\/wp\/v2\/comments?post=152879"}],"version-history":[{"count":1,"href":"https:\/\/www.caririemacao.com\/1\/wp-json\/wp\/v2\/posts\/152879\/revisions"}],"predecessor-version":[{"id":152887,"href":"https:\/\/www.caririemacao.com\/1\/wp-json\/wp\/v2\/posts\/152879\/revisions\/152887"}],"wp:featuredmedia":[{"embeddable":true,"href":"https:\/\/www.caririemacao.com\/1\/wp-json\/wp\/v2\/media\/152886"}],"wp:attachment":[{"href":"https:\/\/www.caririemacao.com\/1\/wp-json\/wp\/v2\/media?parent=152879"}],"wp:term":[{"taxonomy":"category","embeddable":true,"href":"https:\/\/www.caririemacao.com\/1\/wp-json\/wp\/v2\/categories?post=152879"},{"taxonomy":"post_tag","embeddable":true,"href":"https:\/\/www.caririemacao.com\/1\/wp-json\/wp\/v2\/tags?post=152879"}],"curies":[{"name":"wp","href":"https:\/\/api.w.org\/{rel}","templated":true}]}}