{"id":152896,"date":"2020-02-12T06:53:42","date_gmt":"2020-02-12T09:53:42","guid":{"rendered":"http:\/\/www.caririemacao.com\/1\/?p=152896"},"modified":"2020-02-12T06:53:44","modified_gmt":"2020-02-12T09:53:44","slug":"com-passagem-pelo-futebol-do-cariri-paraibano-atleta-val-da-magana-assina-contrato-profissional-com-equipe-do-futebol-europeu","status":"publish","type":"post","link":"https:\/\/www.caririemacao.com\/1\/2020\/02\/12\/com-passagem-pelo-futebol-do-cariri-paraibano-atleta-val-da-magana-assina-contrato-profissional-com-equipe-do-futebol-europeu\/","title":{"rendered":"Com passagem pelo futebol do Cariri paraibano, atleta \u2018Val da Magana\u2019 assina contrato profissional com equipe do futebol europeu"},"content":{"rendered":"\n<p> Com passagem por equipes de futebol amador da regi\u00e3o do Cariri paraibano, o atleta pernambucano Valmerson Dias Monteiro, conhecido popularmente por VAL DA MAGANA, \u00e9 a mais nova contrata\u00e7\u00e3o do Hittisau, equipe da Liga profissional da \u00c1ustria.<\/p>\n\n\n\n<p>O meia-campista de 28 anos assinou recentemente o seu contrato e j\u00e1 realiza a pr\u00e9-temporada pela equipe europeia. Val da Magana \u00e9 conhecido por ser natural do S\u00edtio Magana, que fica localizada na zona rural de Santa Cruz do Capibaribe. O jogador realizou a assinatura do contrato e veio a se tornar o primeiro filho de Santa Cruz do Capibaribe a atuar por uma equipe do futebol europeu.<\/p>\n\n\n\n<div class=\"wp-block-image\"><figure class=\"aligncenter\"><img decoding=\"async\" data-src=\"https:\/\/caririesporte.com.br\/wp-content\/uploads\/2020\/02\/va.jpg\" alt=\"\" class=\"wp-image-2347 lazyload\" src=\"data:image\/svg+xml;base64,PHN2ZyB3aWR0aD0iMSIgaGVpZ2h0PSIxIiB4bWxucz0iaHR0cDovL3d3dy53My5vcmcvMjAwMC9zdmciPjwvc3ZnPg==\" \/><\/figure><\/div>\n\n\n\n<p>Val da Magana em 2017 foi eleito pela organiza\u00e7\u00e3o, o craque do Campeonato de Futebol dos S\u00edtios, umas das principais competi\u00e7\u00f5es amadores do interior do Pernambuco.<\/p>\n\n\n\n<p>Com passagem pela equipe profissional do Ypiranga em 2013, Val integrou o elenco mas acabou n\u00e3o tendo muitas oportunidades.<\/p>\n\n\n\n<p>Val da Magana \u00e9 filho do ex-atleta N\u00eago (In Memorian), que de destacou no futebol amador da regi\u00e3o do Pernambuco entre as d\u00e9cadas de 80 e 90. Seu pai ainda fundou uma Escolinha de Futebol, com intuito de revelar talentos da regi\u00e3o para o futebol profissional.<\/p>\n\n\n\n<p><strong>PASSAGEM PELO FUTEBOL DO CARIRI PARAIBANO<\/strong><\/p>\n\n\n\n<figure class=\"wp-block-image\"><img decoding=\"async\" data-src=\"https:\/\/caririesporte.com.br\/wp-content\/uploads\/2020\/02\/va-3.jpg\" alt=\"\" class=\"wp-image-2342 lazyload\" src=\"data:image\/svg+xml;base64,PHN2ZyB3aWR0aD0iMSIgaGVpZ2h0PSIxIiB4bWxucz0iaHR0cDovL3d3dy53My5vcmcvMjAwMC9zdmciPjwvc3ZnPg==\" \/><\/figure>\n\n\n\n<figure class=\"wp-block-image\"><img decoding=\"async\" data-src=\"https:\/\/caririesporte.com.br\/wp-content\/uploads\/2020\/02\/va-2.jpg\" alt=\"\" class=\"wp-image-2341 lazyload\" src=\"data:image\/svg+xml;base64,PHN2ZyB3aWR0aD0iMSIgaGVpZ2h0PSIxIiB4bWxucz0iaHR0cDovL3d3dy53My5vcmcvMjAwMC9zdmciPjwvc3ZnPg==\" \/><\/figure>\n\n\n\n<div class=\"wp-block-image\"><figure class=\"aligncenter\"><img decoding=\"async\" data-src=\"https:\/\/caririesporte.com.br\/wp-content\/uploads\/2020\/02\/va-5.jpg\" alt=\"\" class=\"wp-image-2344 lazyload\" src=\"data:image\/svg+xml;base64,PHN2ZyB3aWR0aD0iMSIgaGVpZ2h0PSIxIiB4bWxucz0iaHR0cDovL3d3dy53My5vcmcvMjAwMC9zdmciPjwvc3ZnPg==\" \/><\/figure><\/div>\n\n\n\n<div class=\"wp-block-image\"><figure class=\"aligncenter\"><img decoding=\"async\" data-src=\"https:\/\/caririesporte.com.br\/wp-content\/uploads\/2020\/02\/va-4.jpg\" alt=\"\" class=\"wp-image-2343 lazyload\" src=\"data:image\/svg+xml;base64,PHN2ZyB3aWR0aD0iMSIgaGVpZ2h0PSIxIiB4bWxucz0iaHR0cDovL3d3dy53My5vcmcvMjAwMC9zdmciPjwvc3ZnPg==\" \/><\/figure><\/div>\n\n\n\n<div class=\"wp-block-image\"><figure class=\"aligncenter\"><img decoding=\"async\" data-src=\"https:\/\/caririesporte.com.br\/wp-content\/uploads\/2020\/02\/va-7.jpg\" alt=\"\" class=\"wp-image-2346 lazyload\" src=\"data:image\/svg+xml;base64,PHN2ZyB3aWR0aD0iMSIgaGVpZ2h0PSIxIiB4bWxucz0iaHR0cDovL3d3dy53My5vcmcvMjAwMC9zdmciPjwvc3ZnPg==\" \/><\/figure><\/div>\n\n\n\n<p>Com atua\u00e7\u00f5es e passagens marcantes por equipes da regi\u00e3o do Cariri paraibano, Val da Magana foi destaque por onde passou, tendo grandes atua\u00e7\u00f5es nas equipes do Cruzeiro de Camala\u00fa, Cruzeiro de Cara\u00fabas, Bangu de Barra de S\u00e3o Miguel e Serraria de Caturit\u00e9.<\/p>\n\n\n\n<p>O meia-campista pernambucano atuou pelas equipes caririzeiras em campeonatos municipais e disputou pelo Cruzeiro de Cara\u00fabas e Camala\u00fa, a Copa Integra\u00e7\u00e3o de Futebol do Cariri, principal competi\u00e7\u00e3o amadora do Cariri paraibano.<\/p>\n\n\n\n<figure class=\"wp-block-image\"><img decoding=\"async\" data-src=\"https:\/\/caririesporte.com.br\/wp-content\/uploads\/2020\/02\/va-8.png\" alt=\"\" class=\"wp-image-2348 lazyload\" src=\"data:image\/svg+xml;base64,PHN2ZyB3aWR0aD0iMSIgaGVpZ2h0PSIxIiB4bWxucz0iaHR0cDovL3d3dy53My5vcmcvMjAwMC9zdmciPjwvc3ZnPg==\" \/><\/figure>\n\n\n\n<p>Em contato com o SITE CARIRI ESPORTE, o atleta Val da Magana revelou que o clima extremamente frio e a l\u00edngua s\u00e3o os principais desafios iniciais desde a sua chegada, mas n\u00e3o s\u00e3o comparados com a tamanha felicidade e a experi\u00eancia de puder atuar no futebol europeu.<\/p>\n\n\n\n<p>Val da Magana j\u00e1 assinou contrato pelo Hittisau da \u00c1ustria e participa da pr\u00e9-temporada juntamente com o restante do elenco. A competi\u00e7\u00e3o austr\u00edaca dar\u00e1 in\u00edcio no m\u00eas de mar\u00e7o, quando Val far\u00e1 a sua grande estreia.<\/p>\n\n\n\n<p><strong>Cariri Esporte<\/strong><\/p>\n","protected":false},"excerpt":{"rendered":"<p>Com passagem por equipes de futebol amador da regi\u00e3o do Cariri paraibano, o atleta pernambucano Valmerson Dias Monteiro, conhecido popularmente por VAL DA MAGANA, \u00e9&hellip; <\/p>\n","protected":false},"author":2,"featured_media":152897,"comment_status":"closed","ping_status":"closed","sticky":false,"template":"","format":"standard","meta":{"sfsi_plus_gutenberg_text_before_share":"","sfsi_plus_gutenberg_show_text_before_share":"","sfsi_plus_gutenberg_icon_type":"","sfsi_plus_gutenberg_icon_alignemt":"","sfsi_plus_gutenburg_max_per_row":"","footnotes":""},"categories":[13],"tags":[],"class_list":["post-152896","post","type-post","status-publish","format-standard","has-post-thumbnail","hentry","category-esportes"],"_links":{"self":[{"href":"https:\/\/www.caririemacao.com\/1\/wp-json\/wp\/v2\/posts\/152896","targetHints":{"allow":["GET"]}}],"collection":[{"href":"https:\/\/www.caririemacao.com\/1\/wp-json\/wp\/v2\/posts"}],"about":[{"href":"https:\/\/www.caririemacao.com\/1\/wp-json\/wp\/v2\/types\/post"}],"author":[{"embeddable":true,"href":"https:\/\/www.caririemacao.com\/1\/wp-json\/wp\/v2\/users\/2"}],"replies":[{"embeddable":true,"href":"https:\/\/www.caririemacao.com\/1\/wp-json\/wp\/v2\/comments?post=152896"}],"version-history":[{"count":1,"href":"https:\/\/www.caririemacao.com\/1\/wp-json\/wp\/v2\/posts\/152896\/revisions"}],"predecessor-version":[{"id":152898,"href":"https:\/\/www.caririemacao.com\/1\/wp-json\/wp\/v2\/posts\/152896\/revisions\/152898"}],"wp:featuredmedia":[{"embeddable":true,"href":"https:\/\/www.caririemacao.com\/1\/wp-json\/wp\/v2\/media\/152897"}],"wp:attachment":[{"href":"https:\/\/www.caririemacao.com\/1\/wp-json\/wp\/v2\/media?parent=152896"}],"wp:term":[{"taxonomy":"category","embeddable":true,"href":"https:\/\/www.caririemacao.com\/1\/wp-json\/wp\/v2\/categories?post=152896"},{"taxonomy":"post_tag","embeddable":true,"href":"https:\/\/www.caririemacao.com\/1\/wp-json\/wp\/v2\/tags?post=152896"}],"curies":[{"name":"wp","href":"https:\/\/api.w.org\/{rel}","templated":true}]}}