{"id":152903,"date":"2020-02-12T06:57:58","date_gmt":"2020-02-12T09:57:58","guid":{"rendered":"http:\/\/www.caririemacao.com\/1\/?p=152903"},"modified":"2020-02-12T06:58:00","modified_gmt":"2020-02-12T09:58:00","slug":"ministerio-da-agricultura-autoriza-pagamento-de-beneficio-do-garantia-safra-para-dois-municipios-da-pb-um-deles-e-do-cariri","status":"publish","type":"post","link":"https:\/\/www.caririemacao.com\/1\/2020\/02\/12\/ministerio-da-agricultura-autoriza-pagamento-de-beneficio-do-garantia-safra-para-dois-municipios-da-pb-um-deles-e-do-cariri\/","title":{"rendered":"Minist\u00e9rio da Agricultura autoriza pagamento de benef\u00edcio do garantia-safra para dois munic\u00edpios da PB; um deles \u00e9 do Cariri"},"content":{"rendered":"\n<p>O Minist\u00e9rio da Agricultura divulgou uma portaria nesta ter\u00e7a-feira (7), em que determina o pagamento do programa Garantia-Safra para os estados da Para\u00edba, Alagoas e Pernambuco.<\/p>\n\n\n\n<p>Dois munic\u00edpios paraibanos constam na lista, os munic\u00edpios de Caturit\u00e9, localizada na regi\u00e3o do Cariri e Umbuzeiro. O Garantia-Safra prev\u00ea o repasse de R$ 850, divididos em cinco parcelas de R$ 170.<\/p>\n\n\n\n<p>T\u00eam direito a receber o benef\u00edcio os agricultores com renda mensal de at\u00e9&nbsp;um sal\u00e1rio m\u00ednimo e meio, quando tiverem perdas de produ\u00e7\u00e3o em seus munic\u00edpios igual ou superior a 50%.<\/p>\n\n\n\n<p>Segundo o \u00f3rg\u00e3o, at\u00e9 o m\u00eas de junho desse ano o pagamento&nbsp;chegar\u00e1 a R$ 8,3 milh\u00f5es.<\/p>\n\n\n\n<p>O Garantia-Safra tem como objetivo garantir a seguran\u00e7a alimentar de agricultores que residam em regi\u00f5es sistematicamente sujeitas \u00e0 perda de safra, por raz\u00e3o de estiagem ou enchente.<\/p>\n\n\n\n<p>O Garantia-Safra \u00e9 disponibilizado obedecendo o calend\u00e1rio de pagamento dos benef\u00edcios.<\/p>\n\n\n\n<p><strong>De Olho no Cariri<\/strong><\/p>\n","protected":false},"excerpt":{"rendered":"<p>O Minist\u00e9rio da Agricultura divulgou uma portaria nesta ter\u00e7a-feira (7), em que determina o pagamento do programa Garantia-Safra para os estados da Para\u00edba, Alagoas e&hellip; <\/p>\n","protected":false},"author":2,"featured_media":152904,"comment_status":"closed","ping_status":"closed","sticky":false,"template":"","format":"standard","meta":{"sfsi_plus_gutenberg_text_before_share":"","sfsi_plus_gutenberg_show_text_before_share":"","sfsi_plus_gutenberg_icon_type":"","sfsi_plus_gutenberg_icon_alignemt":"","sfsi_plus_gutenburg_max_per_row":"","footnotes":""},"categories":[2],"tags":[],"class_list":["post-152903","post","type-post","status-publish","format-standard","has-post-thumbnail","hentry","category-geral"],"_links":{"self":[{"href":"https:\/\/www.caririemacao.com\/1\/wp-json\/wp\/v2\/posts\/152903","targetHints":{"allow":["GET"]}}],"collection":[{"href":"https:\/\/www.caririemacao.com\/1\/wp-json\/wp\/v2\/posts"}],"about":[{"href":"https:\/\/www.caririemacao.com\/1\/wp-json\/wp\/v2\/types\/post"}],"author":[{"embeddable":true,"href":"https:\/\/www.caririemacao.com\/1\/wp-json\/wp\/v2\/users\/2"}],"replies":[{"embeddable":true,"href":"https:\/\/www.caririemacao.com\/1\/wp-json\/wp\/v2\/comments?post=152903"}],"version-history":[{"count":1,"href":"https:\/\/www.caririemacao.com\/1\/wp-json\/wp\/v2\/posts\/152903\/revisions"}],"predecessor-version":[{"id":152905,"href":"https:\/\/www.caririemacao.com\/1\/wp-json\/wp\/v2\/posts\/152903\/revisions\/152905"}],"wp:featuredmedia":[{"embeddable":true,"href":"https:\/\/www.caririemacao.com\/1\/wp-json\/wp\/v2\/media\/152904"}],"wp:attachment":[{"href":"https:\/\/www.caririemacao.com\/1\/wp-json\/wp\/v2\/media?parent=152903"}],"wp:term":[{"taxonomy":"category","embeddable":true,"href":"https:\/\/www.caririemacao.com\/1\/wp-json\/wp\/v2\/categories?post=152903"},{"taxonomy":"post_tag","embeddable":true,"href":"https:\/\/www.caririemacao.com\/1\/wp-json\/wp\/v2\/tags?post=152903"}],"curies":[{"name":"wp","href":"https:\/\/api.w.org\/{rel}","templated":true}]}}