{"id":152906,"date":"2020-02-12T06:59:16","date_gmt":"2020-02-12T09:59:16","guid":{"rendered":"http:\/\/www.caririemacao.com\/1\/?p=152906"},"modified":"2020-02-12T06:59:18","modified_gmt":"2020-02-12T09:59:18","slug":"em-monteiro-programa-sopa-da-gente-realiza-entrega-de-cartoes-aos-beneficiarios","status":"publish","type":"post","link":"https:\/\/www.caririemacao.com\/1\/2020\/02\/12\/em-monteiro-programa-sopa-da-gente-realiza-entrega-de-cartoes-aos-beneficiarios\/","title":{"rendered":"Em Monteiro: Programa Sopa da Gente realiza entrega de cart\u00f5es aos benefici\u00e1rios"},"content":{"rendered":"\n<p>A Secretaria de Desenvolvimento Social do Munic\u00edpio de Monteiro estar\u00e1 realizando durante toda a semana a entrega dos novos cart\u00f5es para os benefici\u00e1rios do programa sopa da gente.<\/p>\n\n\n\n<p>A entrega esta sendo realizada no Centro de Gastron\u00f4mico, na Rua Professora Maria da Salete s\/n , Alto do S\u00e3o Vicente, das 08 as 12 horas, &nbsp;para todos os benefici\u00e1rios cadastrados que usufruem dos servi\u00e7os e atendimentos da Secretaria.<\/p>\n\n\n\n<p>Hoje o programa Sopa da Gente atende no munic\u00edpio de Monteiro cerca e 700 fam\u00edlias, com uma sopa de qualidade e promovendo uma alimenta\u00e7\u00e3o saud\u00e1vel para todos.<\/p>\n\n\n\n<p>Para as fam\u00edlias que ainda n\u00e3o s\u00e3o cadastradas no programa, a Secretaria de Desenvolvimento Social informa que o cadastro est\u00e1 acontecendo normalmente na sede da Secretaria em seu hor\u00e1rio de atendimento.<\/p>\n\n\n\n<p>Para a secret\u00e1ria Rosa Aleixo, \u00e9 um motivo de muito alegria e satisfa\u00e7\u00e3o, poder proporcionar diariamente uma alimenta\u00e7\u00e3o de qualidade para as fam\u00edlias carentes do munic\u00edpio e saber que a prefeita Ana Lorena compartilha desse projeto n\u00e3o medindo esfor\u00e7os pra realiz\u00e1-lo.<\/p>\n\n\n\n<p>\u201cPara mim e para toda equipe \u00e9 o motivo de muita alegria saber que podemos proporcionar essa alimenta\u00e7\u00e3o de qualidade para nossas fam\u00edlias e claro mais alegre ficamos em saber da preocupa\u00e7\u00e3o da prefeita Ana Lorena em lutar todos os dias para que esse beneficio chegue na casa dessas fam\u00edlia,\u201d Disse Rosa \u2013 Secret\u00e1ria de Desenvolvimento Social.<\/p>\n\n\n\n<p><em>Ascom PMM<\/em><\/p>\n","protected":false},"excerpt":{"rendered":"<p>A Secretaria de Desenvolvimento Social do Munic\u00edpio de Monteiro estar\u00e1 realizando durante toda a semana a entrega dos novos cart\u00f5es para os benefici\u00e1rios do programa&hellip; <\/p>\n","protected":false},"author":2,"featured_media":152907,"comment_status":"closed","ping_status":"closed","sticky":false,"template":"","format":"standard","meta":{"sfsi_plus_gutenberg_text_before_share":"","sfsi_plus_gutenberg_show_text_before_share":"","sfsi_plus_gutenberg_icon_type":"","sfsi_plus_gutenberg_icon_alignemt":"","sfsi_plus_gutenburg_max_per_row":"","footnotes":""},"categories":[2],"tags":[],"class_list":["post-152906","post","type-post","status-publish","format-standard","has-post-thumbnail","hentry","category-geral"],"_links":{"self":[{"href":"https:\/\/www.caririemacao.com\/1\/wp-json\/wp\/v2\/posts\/152906","targetHints":{"allow":["GET"]}}],"collection":[{"href":"https:\/\/www.caririemacao.com\/1\/wp-json\/wp\/v2\/posts"}],"about":[{"href":"https:\/\/www.caririemacao.com\/1\/wp-json\/wp\/v2\/types\/post"}],"author":[{"embeddable":true,"href":"https:\/\/www.caririemacao.com\/1\/wp-json\/wp\/v2\/users\/2"}],"replies":[{"embeddable":true,"href":"https:\/\/www.caririemacao.com\/1\/wp-json\/wp\/v2\/comments?post=152906"}],"version-history":[{"count":1,"href":"https:\/\/www.caririemacao.com\/1\/wp-json\/wp\/v2\/posts\/152906\/revisions"}],"predecessor-version":[{"id":152908,"href":"https:\/\/www.caririemacao.com\/1\/wp-json\/wp\/v2\/posts\/152906\/revisions\/152908"}],"wp:featuredmedia":[{"embeddable":true,"href":"https:\/\/www.caririemacao.com\/1\/wp-json\/wp\/v2\/media\/152907"}],"wp:attachment":[{"href":"https:\/\/www.caririemacao.com\/1\/wp-json\/wp\/v2\/media?parent=152906"}],"wp:term":[{"taxonomy":"category","embeddable":true,"href":"https:\/\/www.caririemacao.com\/1\/wp-json\/wp\/v2\/categories?post=152906"},{"taxonomy":"post_tag","embeddable":true,"href":"https:\/\/www.caririemacao.com\/1\/wp-json\/wp\/v2\/tags?post=152906"}],"curies":[{"name":"wp","href":"https:\/\/api.w.org\/{rel}","templated":true}]}}