{"id":152909,"date":"2020-02-12T07:03:59","date_gmt":"2020-02-12T10:03:59","guid":{"rendered":"http:\/\/www.caririemacao.com\/1\/?p=152909"},"modified":"2020-02-12T07:04:01","modified_gmt":"2020-02-12T10:04:01","slug":"deputados-estaduais-se-unem-e-emitem-nota-de-solidariedade-a-adriano-galdino","status":"publish","type":"post","link":"https:\/\/www.caririemacao.com\/1\/2020\/02\/12\/deputados-estaduais-se-unem-e-emitem-nota-de-solidariedade-a-adriano-galdino\/","title":{"rendered":"Deputados estaduais se unem e emitem nota de solidariedade a Adriano Galdino"},"content":{"rendered":"\n<p>Em nota conjunta os deputados estaduais da Para\u00edba nesta ter\u00e7a-feira (11) se solidarizaram com o presidente Adriano Galdino (PSB) ap\u00f3s os ataques emitidos pelo deputado federal Dami\u00e3o Feliciano (PDT), de que o socialista estaria orquestrando um golpe para tomar o Governo.<\/p>\n\n\n\n<p><strong>Confira:<\/strong><\/p>\n\n\n\n<p><em>Nota de solidariedade ao presidente da Assembleia Legislativa Adriano Galdino<\/em><\/p>\n\n\n\n<p><em>A Assembleia Legislativa da Para\u00edba (ALPB) na atual legislatura tem se notabilizado como um Poder que atua muito al\u00e9m de suas prerrogativas, se colocando no centro de grandes debates e agindo como intermedi\u00e1rio no di\u00e1logo entre diversos setores da sociedade e os demais Poderes.<\/em><\/p>\n\n\n\n<p><em>O Poder Legislativo em 2019 deixou a Pra\u00e7a dos Tr\u00eas Poderes e foi ao encontro da popula\u00e7\u00e3o paraibana, participando das plen\u00e1rias do Or\u00e7amento Democr\u00e1tico Estadual e realizando Sess\u00f5es Itinerantes em v\u00e1rias regi\u00f5es do Estado, para ouvir e dar voz a sociedade, que pode nessas ocasi\u00f5es avaliar o trabalho dos deputados e da Casa e ainda sugerir projetos de Lei.<\/em><\/p>\n\n\n\n<p><em>A Assembleia tamb\u00e9m bateu recorde de produ\u00e7\u00e3o no ano passado, superando o ano anterior em mais de 450%. Foram quase 11 mil mat\u00e9rias apreciadas, entre requerimentos, projetos de Lei, projetos de Resolu\u00e7\u00e3o, vetos e Medidas Provis\u00f3rias.<\/em><\/p>\n\n\n\n<p><em>Tudo isso s\u00f3 foi poss\u00edvel pela atua\u00e7\u00e3o firme, democr\u00e1tica e sens\u00edvel do presidente da Casa Epit\u00e1cio Pessoa, o deputado Adriano Galdino, que mesmo sendo da base do Governo do Estado, manteve o equil\u00edbrio e garantiu o trabalho dos 36 parlamentares, sempre se pautando e respeitando fielmente o Regimento Interno da ALPB.<\/em><\/p>\n\n\n\n<p><em>Portanto, n\u00f3s deputados estaduais, integrantes do Poder Legislativo, repudiamos as insinua\u00e7\u00f5es do deputado federal Dami\u00e3o Feliciano e nos solidarizamos com o presidente Adriano Galdino, exigindo o respeito \u00e0 Assembleia Legislativa e a Constitui\u00e7\u00e3o, que define a harmonia entre os Poderes, ao mesmo tempo que garante as suas independ\u00eancias.<\/em><\/p>\n\n\n\n<p><em>Assinam:<\/em><\/p>\n\n\n\n<p><em>Anderson Monteiro<\/em><br><em>Branco Mendes<\/em><br><em>Bosco Carneiro<\/em><br><em>Buba Germano<\/em><br><em>Cabo Gilberto Silva<\/em><br><em>Caio Roberto<\/em><br><em>Camila Toscano<\/em><br><em>Chi\u00f3<\/em><br><em>Cida Ramos<\/em><br><em>Cl\u00e1udio R\u00e9gis<\/em><br><em>Delegado Wallber Virgolino<\/em><br><em>Dr \u00c9rico<\/em><br><em>Dr. Taciano Diniz<\/em><br><em>Dra. Jane Panta<\/em><br><em>Edmilson Soares<\/em><br><em>Eduardo Carneiro<\/em><br><em>Estela Bezerra<\/em><br><em>Felipe Leit\u00e3o<\/em><br><em>Galego Souza<\/em><br><em>Genival Matias<\/em><br><em>In\u00e1cio Falc\u00e3o<\/em><br><em>Jeov\u00e1 Campos<\/em><br><em>Jo\u00e3o Henrique<\/em><br><em>J\u00fanior Ara\u00fajo<\/em><br><em>Jutay Meneses<\/em><br><em>Lindolfo Pires<\/em><br><em>Manoel Ludg\u00e9rio<\/em><br><em>Moacir Rodrigues<\/em><br><em>Nabor Wanderley<\/em><br><em>Pollyanna Dutra<\/em><br><em>Raniery Paulino<\/em><br><em>Ricardo Barbosa<\/em><br><em>Ti\u00e3o Gomes<\/em><br><em>Tr\u00f3colli J\u00fanior<\/em><br><em>Wilson Filho<\/em><\/p>\n","protected":false},"excerpt":{"rendered":"<p>Em nota conjunta os deputados estaduais da Para\u00edba nesta ter\u00e7a-feira (11) se solidarizaram com o presidente Adriano Galdino (PSB) ap\u00f3s os ataques emitidos pelo deputado&hellip; <\/p>\n","protected":false},"author":2,"featured_media":152910,"comment_status":"closed","ping_status":"closed","sticky":false,"template":"","format":"standard","meta":{"sfsi_plus_gutenberg_text_before_share":"","sfsi_plus_gutenberg_show_text_before_share":"","sfsi_plus_gutenberg_icon_type":"","sfsi_plus_gutenberg_icon_alignemt":"","sfsi_plus_gutenburg_max_per_row":"","footnotes":""},"categories":[2],"tags":[],"class_list":["post-152909","post","type-post","status-publish","format-standard","has-post-thumbnail","hentry","category-geral"],"_links":{"self":[{"href":"https:\/\/www.caririemacao.com\/1\/wp-json\/wp\/v2\/posts\/152909","targetHints":{"allow":["GET"]}}],"collection":[{"href":"https:\/\/www.caririemacao.com\/1\/wp-json\/wp\/v2\/posts"}],"about":[{"href":"https:\/\/www.caririemacao.com\/1\/wp-json\/wp\/v2\/types\/post"}],"author":[{"embeddable":true,"href":"https:\/\/www.caririemacao.com\/1\/wp-json\/wp\/v2\/users\/2"}],"replies":[{"embeddable":true,"href":"https:\/\/www.caririemacao.com\/1\/wp-json\/wp\/v2\/comments?post=152909"}],"version-history":[{"count":1,"href":"https:\/\/www.caririemacao.com\/1\/wp-json\/wp\/v2\/posts\/152909\/revisions"}],"predecessor-version":[{"id":152911,"href":"https:\/\/www.caririemacao.com\/1\/wp-json\/wp\/v2\/posts\/152909\/revisions\/152911"}],"wp:featuredmedia":[{"embeddable":true,"href":"https:\/\/www.caririemacao.com\/1\/wp-json\/wp\/v2\/media\/152910"}],"wp:attachment":[{"href":"https:\/\/www.caririemacao.com\/1\/wp-json\/wp\/v2\/media?parent=152909"}],"wp:term":[{"taxonomy":"category","embeddable":true,"href":"https:\/\/www.caririemacao.com\/1\/wp-json\/wp\/v2\/categories?post=152909"},{"taxonomy":"post_tag","embeddable":true,"href":"https:\/\/www.caririemacao.com\/1\/wp-json\/wp\/v2\/tags?post=152909"}],"curies":[{"name":"wp","href":"https:\/\/api.w.org\/{rel}","templated":true}]}}