{"id":152913,"date":"2020-02-12T07:05:31","date_gmt":"2020-02-12T10:05:31","guid":{"rendered":"http:\/\/www.caririemacao.com\/1\/?p=152913"},"modified":"2020-02-12T07:05:33","modified_gmt":"2020-02-12T10:05:33","slug":"protetor-solar-e-obrigatorio-todos-os-dias-veja-orientacoes","status":"publish","type":"post","link":"https:\/\/www.caririemacao.com\/1\/2020\/02\/12\/protetor-solar-e-obrigatorio-todos-os-dias-veja-orientacoes\/","title":{"rendered":"Protetor solar \u00e9 \u2018obrigat\u00f3rio\u2019 todos os dias; veja orienta\u00e7\u00f5es"},"content":{"rendered":"\n<p>Seja durante o ver\u00e3o ou no inverno, o uso de protetor solar \u00e9 necess\u00e1rio. Mas a escolha do produto n\u00e3o \u00e9 t\u00e3o simples. Os efeitos nocivos da exposi\u00e7\u00e3o ao sol sem a prote\u00e7\u00e3o adequada j\u00e1 s\u00e3o conhecidos, mas as siglas estampadas nas embalagens desse produto causam confus\u00e3o na hora de escolher o mais indicado.<\/p>\n\n\n\n<p>Os termos UVA, UVB, FPS, PPD e FPUVA presentes nas embalagens de protetor solar,&nbsp; dizem muito sobre a sua efic\u00e1cia e forma de utiliza\u00e7\u00e3o. A dermatologista do Hapvida em Jo\u00e3o Pessoa, Mar\u00edlia Aranha, esclarece e orienta que o primeiro item observado deve ser em rela\u00e7\u00e3o ao Fator de Prote\u00e7\u00e3o Solar (FPS).<\/p>\n\n\n\n<p>\u201cO fator 30 \u00e9 considerado o m\u00ednimo aceit\u00e1vel para uma prote\u00e7\u00e3o solar adequada contra o c\u00e2ncer de pele. Al\u00e9m disso, devemos ter aten\u00e7\u00e3o para qual tipo de pele o produto \u00e9 indicado (oleosa, seca, mista, sens\u00edvel) e se h\u00e1 algum componente na formula\u00e7\u00e3o que tenha alergia\u201d, explica a dermatologista.<\/p>\n\n\n\n<p>Os n\u00fameros presentes nas embalagens de protetor est\u00e3o relacionados ao fator de prote\u00e7\u00e3o solar e indicam quantas vezes a mais a pele est\u00e1 protegida da radia\u00e7\u00e3o UVB em rela\u00e7\u00e3o \u00e0 pele sem o protetor. No mercado \u00e9 poss\u00edvel encontrar o produto nas formas em gel, spray ou creme. Quanto a isso, a especialista esclarece que n\u00e3o h\u00e1 necessidade de se preocupar com a forma de aplica\u00e7\u00e3o, o indicado \u00e9 atentar para cada tipo de pele.<\/p>\n\n\n\n<h2 class=\"wp-block-heading\"><strong>Beb\u00eas e crian\u00e7as<\/strong><\/h2>\n\n\n\n<p>No caso de beb\u00eas e crian\u00e7as o produto recomendado s\u00e3o os que apresentam a denomina\u00e7\u00e3o \u2018infantil\u2019 na embalagem. Por\u00e9m, \u00e9 preciso observar a indica\u00e7\u00e3o, que deve ser a partir dos seis meses de vida. \u201cAntes dessa idade n\u00e3o se recomenda exposi\u00e7\u00e3o solar, al\u00e9m do banho de sol de 10 ou 15 minutos indicado para estimular a vitamina D\u201d, afirmou especialista.<\/p>\n\n\n\n<h2 class=\"wp-block-heading\"><strong>Uso cont\u00ednuo<\/strong><\/h2>\n\n\n\n<p>De uma forma geral, Mar\u00edlia Aranha, alerta para a necessidade do uso cont\u00ednuo do produto. \u201c\u00c9 necess\u00e1rio reaplicar o protetor solar a cada 2 horas, quando estiver em ambiente externo (com sol). Deve-se tamb\u00e9m reaplicar ap\u00f3s sudorese, banho de mar ou piscina, uma vez que mesmo os mais resistentes saem parcial ou totalmente na \u00e1gua\u201d, alerta.<\/p>\n\n\n\n<h2 class=\"wp-block-heading\"><strong>Quantidade correta<\/strong><\/h2>\n\n\n\n<p>Antes da exposi\u00e7\u00e3o ao sol, a forma correta de usar o protetor solar \u00e9 aplicar duas camadas do produto em todo o corpo. J\u00e1 a quantidade correta \u00e9 uma colher de ch\u00e1 para rosto, cabe\u00e7a e pesco\u00e7o; duas colheres de ch\u00e1 para frente e tr\u00e1s do torso; uma colher de ch\u00e1 para cada bra\u00e7o e duas colheres de ch\u00e1 para cada perna. E deve ser aplicado 15 minutos antes da exposi\u00e7\u00e3o ao sol e reaplicado a cada duas horas enquanto se estiver exposto.<\/p>\n\n\n\n<h2 class=\"wp-block-heading\"><strong>Corpo, rosto e l\u00e1bios<\/strong><\/h2>\n\n\n\n<p>Um mesmo protetor solar pode ser usado no corpo e no rosto. No entanto, a m\u00e9dica explica que, a depender do tipo de pele e da presen\u00e7a de algumas doen\u00e7as dermatol\u00f3gicas, \u00e9 preciso diferenciar produtos para o rosto e para o corpo.<\/p>\n\n\n\n<p>J\u00e1 os l\u00e1bios precisam de protetores solares adequados para o uso nesta regi\u00e3o. Por se tratar de semi mucosa, os l\u00e1bios apresentam uma maior absor\u00e7\u00e3o dos dermocosm\u00e9ticos e, portanto, n\u00e3o pode ser utilizado todo tipo de filtros solares.<\/p>\n\n\n\n<h2 class=\"wp-block-heading\"><strong>Import\u00e2ncia do produto para combater c\u00e2ncer<\/strong><\/h2>\n\n\n\n<p>A Para\u00edba terminou 2019 com cerca de&nbsp;1.700 novos casos de c\u00e2ncer de pele, conforme dados do Instituto Nacional de C\u00e2ncer (Inca). Desse total, 60 do tipo melanoma e 1.640 n\u00e3o melanoma. Em todo o Brasil, foram 165.580 novos casos, sendo 85.170 homens e 80.410 mulheres.<\/p>\n\n\n\n<p>A dermatologista refor\u00e7ou a import\u00e2ncia de usar o produto e relatou o que pode acontecer com quem se exp\u00f5e ao sol sem prote\u00e7\u00e3o. \u201cQuando uma pessoa se exp\u00f5e ao sol sem prote\u00e7\u00e3o solar est\u00e1 sujeita \u00e0 queimaduras, fotoenvelhecimento e c\u00e2ncer de pele. Os protetores solares n\u00e3o podem ser encarado como cosm\u00e9ticos de beleza, mas sim como uma medica\u00e7\u00e3o anti c\u00e2ncer\u201d, enfatizou.<\/p>\n\n\n\n<p>O problema pode come\u00e7ar a partir de manchas na pele. Ela explica o que difere as pintas ou manchas comuns que surgem e, algumas vezes, s\u00e3o indicativos de c\u00e2ncer.<\/p>\n\n\n\n<p>\u201cEm rela\u00e7\u00e3o ao c\u00e2ncer do tipo melanoma o que o diferencia s\u00e3o as caracter\u00edsticas. Geralmente \u00e9 uma les\u00e3o irregular, que surgiu abruptamente, com bordas irregulares, possuindo mais de uma colora\u00e7\u00e3o, presen\u00e7a de sangramento, crescimento r\u00e1pido e mudan\u00e7a de aspecto, todos esses s\u00e3o sinais de alerta\u201d, afirma a especialista.<\/p>\n\n\n\n<h2 class=\"wp-block-heading\"><strong>Guarda-sol protege?<\/strong><\/h2>\n\n\n\n<p>Segundo Mar\u00edlia Aranha, o guarda-sol tamb\u00e9m ajuda a proteger, assim como as roupas de prote\u00e7\u00e3o solar. No entanto, devido ao reflexo da radia\u00e7\u00e3o ultravioleta em v\u00e1rios tipos de superf\u00edcie, como na areia, \u00e9 necess\u00e1rio tamb\u00e9m aplicar o protetor solar, mesmo embaixo do guarda-sol.<\/p>\n\n\n\n<h2 class=\"wp-block-heading\"><strong>Desvendando as siglas<\/strong><\/h2>\n\n\n\n<p>A dermatologista tamb\u00e9m explicou o que significa cada sigla presente nas embalagens de protetor solar. UVA e UVB s\u00e3o tipos de radia\u00e7\u00f5es ultravioletas emitidas pelo sol; FPS \u00e9 o Fator de Prote\u00e7\u00e3o Solar e significa quantas vezes a pele est\u00e1 mais protegida contra radia\u00e7\u00e3o UVB durante o uso do produto em compara\u00e7\u00e3o a pele sem o produto; j\u00e1 PPD ou FPUVA diz respeito \u00e0 prote\u00e7\u00e3o espec\u00edfica contra radia\u00e7\u00e3o UVA.<\/p>\n\n\n\n<p>Fonte: Portal Correio<\/p>\n","protected":false},"excerpt":{"rendered":"<p>Seja durante o ver\u00e3o ou no inverno, o uso de protetor solar \u00e9 necess\u00e1rio. Mas a escolha do produto n\u00e3o \u00e9 t\u00e3o simples. Os efeitos&hellip; <\/p>\n","protected":false},"author":2,"featured_media":152914,"comment_status":"closed","ping_status":"closed","sticky":false,"template":"","format":"standard","meta":{"sfsi_plus_gutenberg_text_before_share":"","sfsi_plus_gutenberg_show_text_before_share":"","sfsi_plus_gutenberg_icon_type":"","sfsi_plus_gutenberg_icon_alignemt":"","sfsi_plus_gutenburg_max_per_row":"","footnotes":""},"categories":[16],"tags":[],"class_list":["post-152913","post","type-post","status-publish","format-standard","has-post-thumbnail","hentry","category-saude"],"_links":{"self":[{"href":"https:\/\/www.caririemacao.com\/1\/wp-json\/wp\/v2\/posts\/152913","targetHints":{"allow":["GET"]}}],"collection":[{"href":"https:\/\/www.caririemacao.com\/1\/wp-json\/wp\/v2\/posts"}],"about":[{"href":"https:\/\/www.caririemacao.com\/1\/wp-json\/wp\/v2\/types\/post"}],"author":[{"embeddable":true,"href":"https:\/\/www.caririemacao.com\/1\/wp-json\/wp\/v2\/users\/2"}],"replies":[{"embeddable":true,"href":"https:\/\/www.caririemacao.com\/1\/wp-json\/wp\/v2\/comments?post=152913"}],"version-history":[{"count":1,"href":"https:\/\/www.caririemacao.com\/1\/wp-json\/wp\/v2\/posts\/152913\/revisions"}],"predecessor-version":[{"id":152915,"href":"https:\/\/www.caririemacao.com\/1\/wp-json\/wp\/v2\/posts\/152913\/revisions\/152915"}],"wp:featuredmedia":[{"embeddable":true,"href":"https:\/\/www.caririemacao.com\/1\/wp-json\/wp\/v2\/media\/152914"}],"wp:attachment":[{"href":"https:\/\/www.caririemacao.com\/1\/wp-json\/wp\/v2\/media?parent=152913"}],"wp:term":[{"taxonomy":"category","embeddable":true,"href":"https:\/\/www.caririemacao.com\/1\/wp-json\/wp\/v2\/categories?post=152913"},{"taxonomy":"post_tag","embeddable":true,"href":"https:\/\/www.caririemacao.com\/1\/wp-json\/wp\/v2\/tags?post=152913"}],"curies":[{"name":"wp","href":"https:\/\/api.w.org\/{rel}","templated":true}]}}