{"id":152916,"date":"2020-02-12T07:07:05","date_gmt":"2020-02-12T10:07:05","guid":{"rendered":"http:\/\/www.caririemacao.com\/1\/?p=152916"},"modified":"2020-02-12T07:07:07","modified_gmt":"2020-02-12T10:07:07","slug":"caixa-inicia-pagamento-do-abono-salarial-para-nascidos-em-marco-e-abril","status":"publish","type":"post","link":"https:\/\/www.caririemacao.com\/1\/2020\/02\/12\/caixa-inicia-pagamento-do-abono-salarial-para-nascidos-em-marco-e-abril\/","title":{"rendered":"Caixa inicia pagamento do abono salarial para nascidos em mar\u00e7o e abril"},"content":{"rendered":"\n<p>A Caixa inicia, na quinta-feira (13), o pagamento do Abono Salarial (Programa de Integra\u00e7\u00e3o Social \u2013 PIS) calend\u00e1rio 2019\/2020, para os trabalhadores nascidos nos meses de mar\u00e7o e abril. Os valores variam de R$ 88 a R$ 1.045, de acordo com a quantidade de dias trabalhados durante o ano base 2018.<\/p>\n\n\n\n<p>Os titulares de conta individual na Caixa com cadastro atualizado e movimenta\u00e7\u00e3o na conta recebem o cr\u00e9dito autom\u00e1tico antecipado amanh\u00e3 (11). Os pagamentos s\u00e3o escalonados conforme o m\u00eas de nascimento do trabalhador e tiveram in\u00edcio em julho, com os nascidos naquele m\u00eas. O prazo final para o saque do abono salarial do calend\u00e1rio de pagamentos 2019\/2020 \u00e9 30 de junho de 2020.&nbsp;<\/p>\n\n\n\n<p>S\u00e3o mais de 3,6 milh\u00f5es de trabalhadores nascidos em mar\u00e7o e abril, totalizando R$ 2,7 bilh\u00f5es em recursos injetados na economia. O valor do benef\u00edcio pode ser consultado no Aplicativo Caixa Trabalhador, no site (<a href=\"http:\/\/www.caixa.gov.br\/PIS\" target=\"_blank\" rel=\"noreferrer noopener\">www.caixa.gov.br\/PIS<\/a>) ou pelo Atendimento ao Cidad\u00e3o: 0800 726 0207.<\/p>\n\n\n\n<p>A Caixa ir\u00e1 disponibilizar cerca de R$ 16,5 bilh\u00f5es para mais de 21,6 milh\u00f5es de benefici\u00e1rios at\u00e9 o final do calend\u00e1rio.<\/p>\n\n\n\n<p>Tem direito ao benef\u00edcio o trabalhador inscrito no PIS h\u00e1 pelo menos cinco anos e que tenha trabalhado formalmente por pelo menos 30 dias em 2018, com remunera\u00e7\u00e3o mensal m\u00e9dia de at\u00e9 dois sal\u00e1rios m\u00ednimos. Tamb\u00e9m \u00e9 necess\u00e1rio que os dados estejam corretamente informados pelo empregador na Rela\u00e7\u00e3o Anual de Informa\u00e7\u00f5es Sociais (RAIS), ano base 2018.<\/p>\n\n\n\n<p>Quem possui o Cart\u00e3o do Cidad\u00e3o e senha cadastrada pode se dirigir a uma casa lot\u00e9rica, a um ponto de atendimento CAIXA Aqui ou aos terminais de autoatendimento da CAIXA. Caso n\u00e3o tenha o Cart\u00e3o do Cidad\u00e3o e n\u00e3o tenha recebido automaticamente em conta CAIXA, o valor pode ser retirado em qualquer ag\u00eancia da CAIXA, apresentando o documento de identifica\u00e7\u00e3o oficial com foto. O trabalhador com v\u00ednculo a empresa p\u00fablica possui inscri\u00e7\u00e3o PASEP e recebe o pagamento pelo Banco do Brasil.<\/p>\n\n\n\n<p>Fonte: MaisPB<\/p>\n","protected":false},"excerpt":{"rendered":"<p>A Caixa inicia, na quinta-feira (13), o pagamento do Abono Salarial (Programa de Integra\u00e7\u00e3o Social \u2013 PIS) calend\u00e1rio 2019\/2020, para os trabalhadores nascidos nos meses&hellip; <\/p>\n","protected":false},"author":2,"featured_media":109814,"comment_status":"closed","ping_status":"closed","sticky":false,"template":"","format":"standard","meta":{"sfsi_plus_gutenberg_text_before_share":"","sfsi_plus_gutenberg_show_text_before_share":"","sfsi_plus_gutenberg_icon_type":"","sfsi_plus_gutenberg_icon_alignemt":"","sfsi_plus_gutenburg_max_per_row":"","footnotes":""},"categories":[2],"tags":[],"class_list":["post-152916","post","type-post","status-publish","format-standard","has-post-thumbnail","hentry","category-geral"],"_links":{"self":[{"href":"https:\/\/www.caririemacao.com\/1\/wp-json\/wp\/v2\/posts\/152916","targetHints":{"allow":["GET"]}}],"collection":[{"href":"https:\/\/www.caririemacao.com\/1\/wp-json\/wp\/v2\/posts"}],"about":[{"href":"https:\/\/www.caririemacao.com\/1\/wp-json\/wp\/v2\/types\/post"}],"author":[{"embeddable":true,"href":"https:\/\/www.caririemacao.com\/1\/wp-json\/wp\/v2\/users\/2"}],"replies":[{"embeddable":true,"href":"https:\/\/www.caririemacao.com\/1\/wp-json\/wp\/v2\/comments?post=152916"}],"version-history":[{"count":1,"href":"https:\/\/www.caririemacao.com\/1\/wp-json\/wp\/v2\/posts\/152916\/revisions"}],"predecessor-version":[{"id":152917,"href":"https:\/\/www.caririemacao.com\/1\/wp-json\/wp\/v2\/posts\/152916\/revisions\/152917"}],"wp:featuredmedia":[{"embeddable":true,"href":"https:\/\/www.caririemacao.com\/1\/wp-json\/wp\/v2\/media\/109814"}],"wp:attachment":[{"href":"https:\/\/www.caririemacao.com\/1\/wp-json\/wp\/v2\/media?parent=152916"}],"wp:term":[{"taxonomy":"category","embeddable":true,"href":"https:\/\/www.caririemacao.com\/1\/wp-json\/wp\/v2\/categories?post=152916"},{"taxonomy":"post_tag","embeddable":true,"href":"https:\/\/www.caririemacao.com\/1\/wp-json\/wp\/v2\/tags?post=152916"}],"curies":[{"name":"wp","href":"https:\/\/api.w.org\/{rel}","templated":true}]}}