{"id":152918,"date":"2020-02-12T07:11:07","date_gmt":"2020-02-12T10:11:07","guid":{"rendered":"http:\/\/www.caririemacao.com\/1\/?p=152918"},"modified":"2020-02-12T07:11:09","modified_gmt":"2020-02-12T10:11:09","slug":"prefeitura-de-monteiro-oferece-curso-gratuito-de-corte-e-costura-saiba-como-se-inscrever","status":"publish","type":"post","link":"https:\/\/www.caririemacao.com\/1\/2020\/02\/12\/prefeitura-de-monteiro-oferece-curso-gratuito-de-corte-e-costura-saiba-como-se-inscrever\/","title":{"rendered":"Prefeitura de Monteiro oferece curso gratuito de Corte e Costura, saiba como se inscrever"},"content":{"rendered":"\n<p> A Prefeitura de Monteiro, por meio da Secretaria de Desenvolvimento Social, abre a temporada de cursos de 2020 oferecendo 20 vagas para o curso de Corte e Costura.<\/p>\n\n\n\n<p>O curso \u00e9 gratuito e as inscri\u00e7\u00f5es podem ser feitas a partir desta quarta-feira, dia 12, na sede da Secretaria de Desenvolvimento Social no bairro do Alto de S\u00e3o Vicente, das 8 \u00e0s 13 horas. \u00c9 necess\u00e1rio que o interessado tenha em m\u00e3os os seguintes documentos: RG,CPF, comprovante de resid\u00eancia e cart\u00e3o Bolsa Fam\u00edlia.<\/p>\n\n\n\n<p>O curso tem dura\u00e7\u00e3o de dois meses e acontecem na pr\u00f3pria sede da Secretaria das 18 \u00e0s 20 horas.<\/p>\n\n\n\n<p>A Secretaria de Desenvolvimento Social vem atrav\u00e9s dos anos expandindo as oportunidades de mudan\u00e7a de vida dos monteirenses desde 2017 atrav\u00e9s da iniciativa da prefeita Anna Lorena, que visa oferecer novas oportunidades de sustento e qualifica\u00e7\u00e3o da popula\u00e7\u00e3o menos favorecida.Ao todo j\u00e1 s\u00e3o mais de dois mil profissionais habilitados em diversas \u00e1reas ligadas a produtos, servi\u00e7os, gastronomia, entre outros. Todas as qualifica\u00e7\u00f5es s\u00e3o gratuitas e de acordo com a secret\u00e1ria da pasta, Rosa Aleixo, neste ano ainda ser\u00e3o oferecidos mais cursos em diversas \u00e1reas.<br><\/p>\n","protected":false},"excerpt":{"rendered":"<p>A Prefeitura de Monteiro, por meio da Secretaria de Desenvolvimento Social, abre a temporada de cursos de 2020 oferecendo 20 vagas para o curso de&hellip; <\/p>\n","protected":false},"author":2,"featured_media":152919,"comment_status":"closed","ping_status":"closed","sticky":false,"template":"","format":"standard","meta":{"sfsi_plus_gutenberg_text_before_share":"","sfsi_plus_gutenberg_show_text_before_share":"","sfsi_plus_gutenberg_icon_type":"","sfsi_plus_gutenberg_icon_alignemt":"","sfsi_plus_gutenburg_max_per_row":"","footnotes":""},"categories":[50,11],"tags":[],"class_list":["post-152918","post","type-post","status-publish","format-standard","has-post-thumbnail","hentry","category-destaque","category-politica"],"_links":{"self":[{"href":"https:\/\/www.caririemacao.com\/1\/wp-json\/wp\/v2\/posts\/152918","targetHints":{"allow":["GET"]}}],"collection":[{"href":"https:\/\/www.caririemacao.com\/1\/wp-json\/wp\/v2\/posts"}],"about":[{"href":"https:\/\/www.caririemacao.com\/1\/wp-json\/wp\/v2\/types\/post"}],"author":[{"embeddable":true,"href":"https:\/\/www.caririemacao.com\/1\/wp-json\/wp\/v2\/users\/2"}],"replies":[{"embeddable":true,"href":"https:\/\/www.caririemacao.com\/1\/wp-json\/wp\/v2\/comments?post=152918"}],"version-history":[{"count":1,"href":"https:\/\/www.caririemacao.com\/1\/wp-json\/wp\/v2\/posts\/152918\/revisions"}],"predecessor-version":[{"id":152920,"href":"https:\/\/www.caririemacao.com\/1\/wp-json\/wp\/v2\/posts\/152918\/revisions\/152920"}],"wp:featuredmedia":[{"embeddable":true,"href":"https:\/\/www.caririemacao.com\/1\/wp-json\/wp\/v2\/media\/152919"}],"wp:attachment":[{"href":"https:\/\/www.caririemacao.com\/1\/wp-json\/wp\/v2\/media?parent=152918"}],"wp:term":[{"taxonomy":"category","embeddable":true,"href":"https:\/\/www.caririemacao.com\/1\/wp-json\/wp\/v2\/categories?post=152918"},{"taxonomy":"post_tag","embeddable":true,"href":"https:\/\/www.caririemacao.com\/1\/wp-json\/wp\/v2\/tags?post=152918"}],"curies":[{"name":"wp","href":"https:\/\/api.w.org\/{rel}","templated":true}]}}