{"id":152921,"date":"2020-02-12T07:12:20","date_gmt":"2020-02-12T10:12:20","guid":{"rendered":"http:\/\/www.caririemacao.com\/1\/?p=152921"},"modified":"2020-02-12T07:12:21","modified_gmt":"2020-02-12T10:12:21","slug":"respeito-pelo-povo-ana-lorena-atende-a-populacao-e-dialoga-com-os-monteirenses","status":"publish","type":"post","link":"https:\/\/www.caririemacao.com\/1\/2020\/02\/12\/respeito-pelo-povo-ana-lorena-atende-a-populacao-e-dialoga-com-os-monteirenses\/","title":{"rendered":"Respeito pelo povo: Ana Lorena atende a popula\u00e7\u00e3o e dialoga com os monteirenses"},"content":{"rendered":"\n<p>Em mais um dia de atendimento \u00e0 popula\u00e7\u00e3o Monteirense, como j\u00e1 \u00e9 de costume da gest\u00e3o da prefeita Anna Lorena, esta ter\u00e7a-feira (11) foi mais um momento para estar pr\u00f3ximo do povo e ouvir as demandas e necessidades da popula\u00e7\u00e3o.<\/p>\n\n\n\n<p>Em seu gabinete a prefeita vem atendendo todas as ter\u00e7as-feiras aqueles que a procuram para informa\u00e7\u00f5es, solicitar servi\u00e7os importantes para benef\u00edcio de suas fam\u00edlias e comunidades.&nbsp; A gestora vem executando este &nbsp;atendimento com o intuito de que a gest\u00e3o municipal continue ouvindo as solicita\u00e7\u00f5es e demandas da popula\u00e7\u00e3o.<\/p>\n\n\n\n<p>Sempre com respeito e aten\u00e7\u00e3o, a gest\u00e3o faz com que todos que buscam os servi\u00e7os do gabinete, sejam bem atendidos e de acordo com as condi\u00e7\u00f5es do munic\u00edpio todas as quest\u00f5es sejam resolvidas. Mas, o momento n\u00e3o \u00e9 apenas de pedidos, ideias e reclama\u00e7\u00f5es, muitos dos monteirenses que ali v\u00e3o, chegam tamb\u00e9m para agradecer e elogiar a gest\u00e3o, que atua de forma incans\u00e1vel pelo povo como \u00e9 o caso da senhora Maria \u00c2ngelo que veio fazer um visita a prefeita apenas para agradecer os benef\u00edcios recebidos na sua rua.<\/p>\n\n\n\n<p>\u201cEu vim hoje aqui n\u00e3o para pedir, por que gra\u00e7as a Deus, e a prefeita Anna Lorena, nossa rua est\u00e1 maravilhosa, com a pavimenta\u00e7\u00e3o, ilumina\u00e7\u00e3o e a limpeza, por isso vim s\u00f3 agradecer\u201d, disse Dona Maria \u00e0 prefeita Ana Lorena.<\/p>\n\n\n\n<div class=\"wp-block-image\"><figure class=\"alignleft\"><img decoding=\"async\" data-src=\"https:\/\/i0.wp.com\/www.vitrinedocariri.com.br\/wp-content\/uploads\/2020\/02\/Atendimento-Gabinete-2.jpg?resize=300%2C168&amp;ssl=1\" alt=\"\" class=\"wp-image-63962 lazyload\" src=\"data:image\/svg+xml;base64,PHN2ZyB3aWR0aD0iMSIgaGVpZ2h0PSIxIiB4bWxucz0iaHR0cDovL3d3dy53My5vcmcvMjAwMC9zdmciPjwvc3ZnPg==\" \/><\/figure><\/div>\n\n\n\n<p>De acordo com a gestora, essa \u00e9 uma oportunidade que todo bom gestor deve dar \u00e0 popula\u00e7\u00e3o e a ele mesmo, um momento de dialogar cara a cara com o povo e resolver as demandas de acordo com a situa\u00e7\u00e3o de cada um.<\/p>\n\n\n\n<p>\u201cMe sinto feliz em fazer um diferencial na gest\u00e3o publica, que \u00e9 dar a oportunidade a popula\u00e7\u00e3o de est\u00e1 conversando, sem distin\u00e7\u00e3o, e resolvendo cada solicita\u00e7\u00e3o de uma forma tranquila e com uma boa conversa. Sabemos das dificuldades que enfrenta os munic\u00edpio , mais seguimos com o objetivo principal que \u00e9 servir a popula\u00e7\u00e3o monteirense\u201d, disse a Prefeita Ana Lorena.<\/p>\n","protected":false},"excerpt":{"rendered":"<p>Em mais um dia de atendimento \u00e0 popula\u00e7\u00e3o Monteirense, como j\u00e1 \u00e9 de costume da gest\u00e3o da prefeita Anna Lorena, esta ter\u00e7a-feira (11) foi mais&hellip; <\/p>\n","protected":false},"author":2,"featured_media":152922,"comment_status":"closed","ping_status":"closed","sticky":false,"template":"","format":"standard","meta":{"sfsi_plus_gutenberg_text_before_share":"","sfsi_plus_gutenberg_show_text_before_share":"","sfsi_plus_gutenberg_icon_type":"","sfsi_plus_gutenberg_icon_alignemt":"","sfsi_plus_gutenburg_max_per_row":"","footnotes":""},"categories":[11],"tags":[],"class_list":["post-152921","post","type-post","status-publish","format-standard","has-post-thumbnail","hentry","category-politica"],"_links":{"self":[{"href":"https:\/\/www.caririemacao.com\/1\/wp-json\/wp\/v2\/posts\/152921","targetHints":{"allow":["GET"]}}],"collection":[{"href":"https:\/\/www.caririemacao.com\/1\/wp-json\/wp\/v2\/posts"}],"about":[{"href":"https:\/\/www.caririemacao.com\/1\/wp-json\/wp\/v2\/types\/post"}],"author":[{"embeddable":true,"href":"https:\/\/www.caririemacao.com\/1\/wp-json\/wp\/v2\/users\/2"}],"replies":[{"embeddable":true,"href":"https:\/\/www.caririemacao.com\/1\/wp-json\/wp\/v2\/comments?post=152921"}],"version-history":[{"count":1,"href":"https:\/\/www.caririemacao.com\/1\/wp-json\/wp\/v2\/posts\/152921\/revisions"}],"predecessor-version":[{"id":152923,"href":"https:\/\/www.caririemacao.com\/1\/wp-json\/wp\/v2\/posts\/152921\/revisions\/152923"}],"wp:featuredmedia":[{"embeddable":true,"href":"https:\/\/www.caririemacao.com\/1\/wp-json\/wp\/v2\/media\/152922"}],"wp:attachment":[{"href":"https:\/\/www.caririemacao.com\/1\/wp-json\/wp\/v2\/media?parent=152921"}],"wp:term":[{"taxonomy":"category","embeddable":true,"href":"https:\/\/www.caririemacao.com\/1\/wp-json\/wp\/v2\/categories?post=152921"},{"taxonomy":"post_tag","embeddable":true,"href":"https:\/\/www.caririemacao.com\/1\/wp-json\/wp\/v2\/tags?post=152921"}],"curies":[{"name":"wp","href":"https:\/\/api.w.org\/{rel}","templated":true}]}}