{"id":152924,"date":"2020-02-12T07:14:08","date_gmt":"2020-02-12T10:14:08","guid":{"rendered":"http:\/\/www.caririemacao.com\/1\/?p=152924"},"modified":"2020-02-12T07:14:10","modified_gmt":"2020-02-12T10:14:10","slug":"prefeitura-de-monteiro-apoia-19o-batizado-de-capoeira-e-6o-encontro-nacional-de-capoeiristas","status":"publish","type":"post","link":"https:\/\/www.caririemacao.com\/1\/2020\/02\/12\/prefeitura-de-monteiro-apoia-19o-batizado-de-capoeira-e-6o-encontro-nacional-de-capoeiristas\/","title":{"rendered":"Prefeitura de Monteiro apoia 19\u00ba Batizado de Capoeira e 6\u00ba Encontro Nacional de Capoeiristas"},"content":{"rendered":"\n<p> A Rede Nacional e Internacional de Capoeira Filhos da Bahia, estar\u00e1 realizando nos dias 14 e 15 de Fevereiro, 19\u00ba Batizado de Capoeira e 6\u00ba Encontro Nacional de Capoeiristas. Os eventos acontecem com uma programa\u00e7\u00e3o que conta desde a \u00a0Inaugura\u00e7\u00e3o do Centro de Capoeira, Caminhada pela Paz, Roda de Capoeira, v\u00e1rias apresenta\u00e7\u00f5es juntamente com o Batizado para troca de cordas.<\/p>\n\n\n\n<p>A Prefeitura de Monteiro, atrav\u00e9s da Secretaria de Esporte, vem dando total apoio ao evento que deve receber grandes nomes da capoeira da Para\u00edba e de outros estados.<\/p>\n\n\n\n<p>O mestre Jerry que \u00e9 um dos grandes apoiadores desse projeto vem realizando esse trabalho h\u00e1 v\u00e1rios anos no munic\u00edpio. O mesmo disse estar bastante feliz em poder contar com o apoio da Secretaria de Esportes, em um momento t\u00e3o importante para a capoeira no munic\u00edpio de Monteiro e que a prefeita Ana Lorena junto ao secretario Rostand Chaves tem dado total apoio.<\/p>\n\n\n\n<p>\u201c \u00c9 um evento que nos tr\u00e1s muita alegria, poder ensinar a capoeira e ter a oportunidade de esta realizando um evento como este aqui na minha cidade. E o melhor, saber do apoio da Prefeita e do secret\u00e1rio de Esportes para a realiza\u00e7\u00e3o do projeto, fico muito feliz e espero poder voltar a fazer esse evento nos pr\u00f3ximos anos\u201d, disse Mestre Jerry<\/p>\n\n\n\n<p>Para o secret\u00e1rio de Esportes, Rostand Chaves, \u00e9 muito importante poder reunir e dar oportunidade a todas as modalidades esportivas que existem no munic\u00edpio e que o objetivo maior da Secretaria \u00e9 incentivar e dar apoio a todos os atletas e eventos.<\/p>\n\n\n\n<p>\u201c N\u00f3s, como secretaria de Esporte, devemos sim incentivar os nossos atletas em todas as modalidades e com o nosso apoio ajudar a fazer com que as atividades do esporte municipal sejam cada vez melhores, dando oportunidade a todos sem distin\u00e7\u00e3o\u201d, disse Rostand Chaves.<\/p>\n\n\n\n<p>A programa\u00e7\u00e3o do evento voc\u00ea confere abaixo:<\/p>\n\n\n\n<p>Dia 14 de Fevereiro \u2013 Inaugura\u00e7\u00e3o do Centro de Capoeira \u2013 as 19:30 \u2013 na Rua do Cemit\u00e9rio;<br>Dia 15 de Fevereiro \u2013 3\u00aa Caminhada pela Paz \u2013 08:00 &nbsp;\u2013 Saindo da rua do Cemit\u00e9rio;<br>Dia 15 de Fevereiro \u2013 Roda de Capoeira \u2013 09:30 \u2013 Pra\u00e7a de Alimenta\u00e7\u00e3o;<br>Dia 15 de Fevereiro \u2013 Batizado com Troca de Faixa &nbsp;\u2013 15:00 \u2013 no Centro Cultural Alexandre da Silva Brito.<br><\/p>\n","protected":false},"excerpt":{"rendered":"<p>A Rede Nacional e Internacional de Capoeira Filhos da Bahia, estar\u00e1 realizando nos dias 14 e 15 de Fevereiro, 19\u00ba Batizado de Capoeira e 6\u00ba&hellip; <\/p>\n","protected":false},"author":2,"featured_media":152925,"comment_status":"closed","ping_status":"closed","sticky":false,"template":"","format":"standard","meta":{"sfsi_plus_gutenberg_text_before_share":"","sfsi_plus_gutenberg_show_text_before_share":"","sfsi_plus_gutenberg_icon_type":"","sfsi_plus_gutenberg_icon_alignemt":"","sfsi_plus_gutenburg_max_per_row":"","footnotes":""},"categories":[2],"tags":[],"class_list":["post-152924","post","type-post","status-publish","format-standard","has-post-thumbnail","hentry","category-geral"],"_links":{"self":[{"href":"https:\/\/www.caririemacao.com\/1\/wp-json\/wp\/v2\/posts\/152924","targetHints":{"allow":["GET"]}}],"collection":[{"href":"https:\/\/www.caririemacao.com\/1\/wp-json\/wp\/v2\/posts"}],"about":[{"href":"https:\/\/www.caririemacao.com\/1\/wp-json\/wp\/v2\/types\/post"}],"author":[{"embeddable":true,"href":"https:\/\/www.caririemacao.com\/1\/wp-json\/wp\/v2\/users\/2"}],"replies":[{"embeddable":true,"href":"https:\/\/www.caririemacao.com\/1\/wp-json\/wp\/v2\/comments?post=152924"}],"version-history":[{"count":1,"href":"https:\/\/www.caririemacao.com\/1\/wp-json\/wp\/v2\/posts\/152924\/revisions"}],"predecessor-version":[{"id":152926,"href":"https:\/\/www.caririemacao.com\/1\/wp-json\/wp\/v2\/posts\/152924\/revisions\/152926"}],"wp:featuredmedia":[{"embeddable":true,"href":"https:\/\/www.caririemacao.com\/1\/wp-json\/wp\/v2\/media\/152925"}],"wp:attachment":[{"href":"https:\/\/www.caririemacao.com\/1\/wp-json\/wp\/v2\/media?parent=152924"}],"wp:term":[{"taxonomy":"category","embeddable":true,"href":"https:\/\/www.caririemacao.com\/1\/wp-json\/wp\/v2\/categories?post=152924"},{"taxonomy":"post_tag","embeddable":true,"href":"https:\/\/www.caririemacao.com\/1\/wp-json\/wp\/v2\/tags?post=152924"}],"curies":[{"name":"wp","href":"https:\/\/api.w.org\/{rel}","templated":true}]}}