{"id":152927,"date":"2020-02-12T07:19:29","date_gmt":"2020-02-12T10:19:29","guid":{"rendered":"http:\/\/www.caririemacao.com\/1\/?p=152927"},"modified":"2020-02-12T07:19:31","modified_gmt":"2020-02-12T10:19:31","slug":"folia-e-animacao-serao-os-ingredientes-da-folia-do-servico-de-convivencia-em-monteiro","status":"publish","type":"post","link":"https:\/\/www.caririemacao.com\/1\/2020\/02\/12\/folia-e-animacao-serao-os-ingredientes-da-folia-do-servico-de-convivencia-em-monteiro\/","title":{"rendered":"Folia e anima\u00e7\u00e3o ser\u00e3o os ingredientes da Folia do Servi\u00e7o de Conviv\u00eancia em Monteiro"},"content":{"rendered":"\n<p> A quarta-feira dia 20 ser\u00e1 de folia para o Centro de Conviv\u00eancia e Fortalecimento de V\u00ednculos \u2013 SCFV do munic\u00edpio de Monteiro. A Prefeitura por meio da Secretaria Municipal de Desenvolvimento Social ir\u00e1 realizar uma festa de Carnaval para os idosos, a partir das 20h na Pra\u00e7a Jo\u00e3o Pessoa.\u201cApesar da festa ser destinada aos nossos idosos, toda a popula\u00e7\u00e3o \u00e9 convidada a comemorar conosco porque a folia j\u00e1 \u00e9 certa. Assim como fazemos desde 2017, este ano a anima\u00e7\u00e3o n\u00e3o ser\u00e1 diferente\u201d, comenta a secret\u00e1ria da pasta, Rosa Aleixo.<\/p>\n\n\n\n<p>O objetivo do evento \u00e9 estimular a socializa\u00e7\u00e3o e conviv\u00eancia grupal com enfoque na valoriza\u00e7\u00e3o de express\u00f5es art\u00edsticas e da cultura local. &nbsp;\u201cA oferta desta atividade de lazer e entretenimento para os idosos \u00e9 uma forma de garantir a melhoria das rela\u00e7\u00f5es entre eles e da qualidade de vida\u201d, disse a prefeita Anna Lorena.<\/p>\n\n\n\n<p>Esta a\u00e7\u00e3o \u00e9 uma das estrat\u00e9gias da unidade no atendimento da pessoa idosa e tem como benef\u00edcio, auxiliar no processo de envelhecimento ativo, saud\u00e1vel e aut\u00f4nomo. \u201cO Carnaval faz parte do Servi\u00e7o de Conviv\u00eancia e Fortalecimento de V\u00ednculos para idosos, que atualmente, atende 300 participantes com atividades de conviv\u00eancia, oficinas de dan\u00e7a, artesanato e outros\u201d, complementou a secret\u00e1ria Rosa Aleixo.<\/p>\n\n\n\n<div class=\"wp-block-image\"><figure class=\"alignleft\"><img decoding=\"async\" data-src=\"https:\/\/i0.wp.com\/www.vitrinedocariri.com.br\/wp-content\/uploads\/2019\/02\/Carnaval-2019-Blocos5.jpg?resize=300%2C200&amp;ssl=1\" alt=\"\" class=\"wp-image-36560 lazyload\" src=\"data:image\/svg+xml;base64,PHN2ZyB3aWR0aD0iMSIgaGVpZ2h0PSIxIiB4bWxucz0iaHR0cDovL3d3dy53My5vcmcvMjAwMC9zdmciPjwvc3ZnPg==\" \/><\/figure><\/div>\n\n\n\n<p>O Centro de Refer\u00eancia de Assist\u00eancia Social \u2013 CRAS \u00e9 respons\u00e1vel pelo Servi\u00e7o de Conviv\u00eancia e Fortalecimento de V\u00ednculos e oferta servi\u00e7os de prote\u00e7\u00e3o social b\u00e1sica voltada para o atendimento das fam\u00edlias e segmentos em situa\u00e7\u00e3o de vulnerabilidade social. Na unidade, desenvolvem-se servi\u00e7os, programas e projetos locais de acolhimento, conviv\u00eancia e socializa\u00e7\u00e3o de fam\u00edlias e de indiv\u00edduos, conforme identifica\u00e7\u00e3o da situa\u00e7\u00e3o de vulnerabilidade apresentada, promovendo o acesso e usufruto de direitos e contribuindo para a melhoria da qualidade de vida.<\/p>\n\n\n\n<p>Vitrine do cariri<\/p>\n","protected":false},"excerpt":{"rendered":"<p>A quarta-feira dia 20 ser\u00e1 de folia para o Centro de Conviv\u00eancia e Fortalecimento de V\u00ednculos \u2013 SCFV do munic\u00edpio de Monteiro. A Prefeitura por&hellip; <\/p>\n","protected":false},"author":2,"featured_media":152928,"comment_status":"closed","ping_status":"closed","sticky":false,"template":"","format":"standard","meta":{"sfsi_plus_gutenberg_text_before_share":"","sfsi_plus_gutenberg_show_text_before_share":"","sfsi_plus_gutenberg_icon_type":"","sfsi_plus_gutenberg_icon_alignemt":"","sfsi_plus_gutenburg_max_per_row":"","footnotes":""},"categories":[2],"tags":[],"class_list":["post-152927","post","type-post","status-publish","format-standard","has-post-thumbnail","hentry","category-geral"],"_links":{"self":[{"href":"https:\/\/www.caririemacao.com\/1\/wp-json\/wp\/v2\/posts\/152927","targetHints":{"allow":["GET"]}}],"collection":[{"href":"https:\/\/www.caririemacao.com\/1\/wp-json\/wp\/v2\/posts"}],"about":[{"href":"https:\/\/www.caririemacao.com\/1\/wp-json\/wp\/v2\/types\/post"}],"author":[{"embeddable":true,"href":"https:\/\/www.caririemacao.com\/1\/wp-json\/wp\/v2\/users\/2"}],"replies":[{"embeddable":true,"href":"https:\/\/www.caririemacao.com\/1\/wp-json\/wp\/v2\/comments?post=152927"}],"version-history":[{"count":1,"href":"https:\/\/www.caririemacao.com\/1\/wp-json\/wp\/v2\/posts\/152927\/revisions"}],"predecessor-version":[{"id":152929,"href":"https:\/\/www.caririemacao.com\/1\/wp-json\/wp\/v2\/posts\/152927\/revisions\/152929"}],"wp:featuredmedia":[{"embeddable":true,"href":"https:\/\/www.caririemacao.com\/1\/wp-json\/wp\/v2\/media\/152928"}],"wp:attachment":[{"href":"https:\/\/www.caririemacao.com\/1\/wp-json\/wp\/v2\/media?parent=152927"}],"wp:term":[{"taxonomy":"category","embeddable":true,"href":"https:\/\/www.caririemacao.com\/1\/wp-json\/wp\/v2\/categories?post=152927"},{"taxonomy":"post_tag","embeddable":true,"href":"https:\/\/www.caririemacao.com\/1\/wp-json\/wp\/v2\/tags?post=152927"}],"curies":[{"name":"wp","href":"https:\/\/api.w.org\/{rel}","templated":true}]}}