{"id":152930,"date":"2020-02-12T07:20:40","date_gmt":"2020-02-12T10:20:40","guid":{"rendered":"http:\/\/www.caririemacao.com\/1\/?p=152930"},"modified":"2020-02-12T07:20:42","modified_gmt":"2020-02-12T10:20:42","slug":"ccj-da-assembleia-legislativa-considera-que-projeto-de-lei-que-cria-a-fundacao-pb-saude-e-inconstitucional","status":"publish","type":"post","link":"https:\/\/www.caririemacao.com\/1\/2020\/02\/12\/ccj-da-assembleia-legislativa-considera-que-projeto-de-lei-que-cria-a-fundacao-pb-saude-e-inconstitucional\/","title":{"rendered":"CCJ da Assembleia Legislativa considera que projeto de lei que cria a Funda\u00e7\u00e3o PB Sa\u00fade \u00e9 inconstitucional"},"content":{"rendered":"\n<p>Os deputados estaduais integrantes da Comiss\u00e3o de Constitui\u00e7\u00e3o e Justi\u00e7a (CCJ) da Assembleia Legislativa da Para\u00edba entenderam ser inconstitucional o Projeto de Lei Complementar (PLC) feito pelo Governo do Estado com objetivo de criar a Funda\u00e7\u00e3o PB Sa\u00fade. A decis\u00e3o foi tomada nesta ter\u00e7a-feira (11) por maioria de votos, sendo que quatro deputados votaram pela inconstitucionalidade da mat\u00e9ria.<\/p>\n\n\n\n<p>Os deputados&nbsp;Taciano Diniz (Avante), Walber Virgolino (Patriota), Camila Toscano (PSDB) e Felipe Leit\u00e3o (DEM) entenderam que o Projeto de Lei \u00e9 inconstitucional. J\u00e1&nbsp;Ricardo Barbosa (PSB), Edmilson Soares (Podemos) e Pollyana Dutra (PSB) votaram pela constitucionalidade.<\/p>\n\n\n\n<p>Agora, a mat\u00e9ria segue para o Plen\u00e1rio da Assembleia Legislativa da Para\u00edba, que ir\u00e1 analisar o Projeto de Lei Complementar e o parecer da CCJ, de acordo com informa\u00e7\u00f5es levantadas pelo ClickPB.<\/p>\n\n\n\n<p>A deputada Camila Toscano j\u00e1 se adiantou e afirmou que pretende apresentar emendas com objetivo de modificar alguns pontos do Projeto de Lei, quando a mat\u00e9ria chegar no plen\u00e1rio.<\/p>\n\n\n\n<p>O projeto \u00e9 considerado como prioridade do Governo do Estado, j\u00e1 que versa sobre a cria\u00e7\u00e3o da Funda\u00e7\u00e3o Paraibana de Gest\u00e3o em Sa\u00fade, a PB Sa\u00fade. Esta funda\u00e7\u00e3o p\u00fablica de direito privado seria a respons\u00e1vel por gerenciar as unidades de sa\u00fade do Governo do Estado da Para\u00edba.<\/p>\n\n\n\n<p>O governador Jo\u00e3o Azev\u00eado decidiu no fim do ano de 2019 rever todos os contratos firmados com Organiza\u00e7\u00f5es Sociais, em raz\u00e3o das investiga\u00e7\u00f5es deflagradas pela Opera\u00e7\u00e3o Calv\u00e1rio.<\/p>\n","protected":false},"excerpt":{"rendered":"<p>Os deputados estaduais integrantes da Comiss\u00e3o de Constitui\u00e7\u00e3o e Justi\u00e7a (CCJ) da Assembleia Legislativa da Para\u00edba entenderam ser inconstitucional o Projeto de Lei Complementar (PLC)&hellip; <\/p>\n","protected":false},"author":2,"featured_media":152931,"comment_status":"closed","ping_status":"closed","sticky":false,"template":"","format":"standard","meta":{"sfsi_plus_gutenberg_text_before_share":"","sfsi_plus_gutenberg_show_text_before_share":"","sfsi_plus_gutenberg_icon_type":"","sfsi_plus_gutenberg_icon_alignemt":"","sfsi_plus_gutenburg_max_per_row":"","footnotes":""},"categories":[2],"tags":[],"class_list":["post-152930","post","type-post","status-publish","format-standard","has-post-thumbnail","hentry","category-geral"],"_links":{"self":[{"href":"https:\/\/www.caririemacao.com\/1\/wp-json\/wp\/v2\/posts\/152930","targetHints":{"allow":["GET"]}}],"collection":[{"href":"https:\/\/www.caririemacao.com\/1\/wp-json\/wp\/v2\/posts"}],"about":[{"href":"https:\/\/www.caririemacao.com\/1\/wp-json\/wp\/v2\/types\/post"}],"author":[{"embeddable":true,"href":"https:\/\/www.caririemacao.com\/1\/wp-json\/wp\/v2\/users\/2"}],"replies":[{"embeddable":true,"href":"https:\/\/www.caririemacao.com\/1\/wp-json\/wp\/v2\/comments?post=152930"}],"version-history":[{"count":1,"href":"https:\/\/www.caririemacao.com\/1\/wp-json\/wp\/v2\/posts\/152930\/revisions"}],"predecessor-version":[{"id":152932,"href":"https:\/\/www.caririemacao.com\/1\/wp-json\/wp\/v2\/posts\/152930\/revisions\/152932"}],"wp:featuredmedia":[{"embeddable":true,"href":"https:\/\/www.caririemacao.com\/1\/wp-json\/wp\/v2\/media\/152931"}],"wp:attachment":[{"href":"https:\/\/www.caririemacao.com\/1\/wp-json\/wp\/v2\/media?parent=152930"}],"wp:term":[{"taxonomy":"category","embeddable":true,"href":"https:\/\/www.caririemacao.com\/1\/wp-json\/wp\/v2\/categories?post=152930"},{"taxonomy":"post_tag","embeddable":true,"href":"https:\/\/www.caririemacao.com\/1\/wp-json\/wp\/v2\/tags?post=152930"}],"curies":[{"name":"wp","href":"https:\/\/api.w.org\/{rel}","templated":true}]}}