{"id":152933,"date":"2020-02-12T07:22:15","date_gmt":"2020-02-12T10:22:15","guid":{"rendered":"http:\/\/www.caririemacao.com\/1\/?p=152933"},"modified":"2020-02-12T07:22:17","modified_gmt":"2020-02-12T10:22:17","slug":"corregedor-da-pm-vai-apurar-conduta-de-policiais-que-tentaram-prender-ex-deputado-biu-fernandes-diz-estou-dentro-da-razao","status":"publish","type":"post","link":"https:\/\/www.caririemacao.com\/1\/2020\/02\/12\/corregedor-da-pm-vai-apurar-conduta-de-policiais-que-tentaram-prender-ex-deputado-biu-fernandes-diz-estou-dentro-da-razao\/","title":{"rendered":"Corregedor da PM vai apurar conduta de policiais que tentaram prender ex-deputado; Biu Fernandes diz: &#8220;estou dentro da raz\u00e3o&#8221;"},"content":{"rendered":"\n<p>O corregedor, coronel Severino do Ramo Ger\u00f4nimo, informou ao ClickPB que a Corregedoria da Pol\u00edcia Militar vai apurar a conduta dos policiais militares envolvidos na tentativa de pris\u00e3o do ex-deputado Biu Fernandes. O ex-parlamentar e ex-prefeito de Catol\u00e9 do Rocha foi rendido&nbsp;em um estabelecimento, em frente a uma propriedade onde capinava mato com uma faca peixeira, ap\u00f3s&nbsp;se recusar a entregar essa faca.<\/p>\n\n\n\n<p>O ClickPB conversou com o corregedor, coronel Ger\u00f4nimo, o qual disse no come\u00e7o da tarde que aguardava o relat\u00f3rio do comandante da Pol\u00edcia Militar na regi\u00e3o, o coronel Campos. &#8220;Vamos apurar&#8221;, completou o corregedor ao relatar que vai investigar o caso.<\/p>\n","protected":false},"excerpt":{"rendered":"<p>O corregedor, coronel Severino do Ramo Ger\u00f4nimo, informou ao ClickPB que a Corregedoria da Pol\u00edcia Militar vai apurar a conduta dos policiais militares envolvidos na&hellip; <\/p>\n","protected":false},"author":2,"featured_media":152934,"comment_status":"closed","ping_status":"closed","sticky":false,"template":"","format":"standard","meta":{"sfsi_plus_gutenberg_text_before_share":"","sfsi_plus_gutenberg_show_text_before_share":"","sfsi_plus_gutenberg_icon_type":"","sfsi_plus_gutenberg_icon_alignemt":"","sfsi_plus_gutenburg_max_per_row":"","footnotes":""},"categories":[2],"tags":[],"class_list":["post-152933","post","type-post","status-publish","format-standard","has-post-thumbnail","hentry","category-geral"],"_links":{"self":[{"href":"https:\/\/www.caririemacao.com\/1\/wp-json\/wp\/v2\/posts\/152933","targetHints":{"allow":["GET"]}}],"collection":[{"href":"https:\/\/www.caririemacao.com\/1\/wp-json\/wp\/v2\/posts"}],"about":[{"href":"https:\/\/www.caririemacao.com\/1\/wp-json\/wp\/v2\/types\/post"}],"author":[{"embeddable":true,"href":"https:\/\/www.caririemacao.com\/1\/wp-json\/wp\/v2\/users\/2"}],"replies":[{"embeddable":true,"href":"https:\/\/www.caririemacao.com\/1\/wp-json\/wp\/v2\/comments?post=152933"}],"version-history":[{"count":1,"href":"https:\/\/www.caririemacao.com\/1\/wp-json\/wp\/v2\/posts\/152933\/revisions"}],"predecessor-version":[{"id":152935,"href":"https:\/\/www.caririemacao.com\/1\/wp-json\/wp\/v2\/posts\/152933\/revisions\/152935"}],"wp:featuredmedia":[{"embeddable":true,"href":"https:\/\/www.caririemacao.com\/1\/wp-json\/wp\/v2\/media\/152934"}],"wp:attachment":[{"href":"https:\/\/www.caririemacao.com\/1\/wp-json\/wp\/v2\/media?parent=152933"}],"wp:term":[{"taxonomy":"category","embeddable":true,"href":"https:\/\/www.caririemacao.com\/1\/wp-json\/wp\/v2\/categories?post=152933"},{"taxonomy":"post_tag","embeddable":true,"href":"https:\/\/www.caririemacao.com\/1\/wp-json\/wp\/v2\/tags?post=152933"}],"curies":[{"name":"wp","href":"https:\/\/api.w.org\/{rel}","templated":true}]}}