{"id":152937,"date":"2020-02-12T07:23:19","date_gmt":"2020-02-12T10:23:19","guid":{"rendered":"http:\/\/www.caririemacao.com\/1\/?p=152937"},"modified":"2020-02-12T07:23:21","modified_gmt":"2020-02-12T10:23:21","slug":"caixa-inicia-pagamento-do-pis-para-nascidos-em-marco-e-abril-na-quinta-feira","status":"publish","type":"post","link":"https:\/\/www.caririemacao.com\/1\/2020\/02\/12\/caixa-inicia-pagamento-do-pis-para-nascidos-em-marco-e-abril-na-quinta-feira\/","title":{"rendered":"Caixa inicia pagamento do PIS para nascidos em mar\u00e7o e abril na quinta-feira"},"content":{"rendered":"\n<p>&nbsp;A Caixa inicia, na pr\u00f3xima quinta-feira (13), o pagamento do abono salarial do PIS (Programa de Integra\u00e7\u00e3o Social) calend\u00e1rio 2019\/2020, para os trabalhadores nascidos nos meses de mar\u00e7o e abril.<br><\/p>\n\n\n\n<p>Os benefici\u00e1rios com conta individual na institui\u00e7\u00e3o, al\u00e9m de cadastro atualizado e movimenta\u00e7\u00e3o, tiveram o valor creditado nesta ter\u00e7a (11). As informa\u00e7\u00f5es s\u00e3o da Ag\u00eancia Brasil.<\/p>\n\n\n\n<p>Segundo a Caixa, receber\u00e3o o abono mais de 3,6 milh\u00f5es de trabalhadores, totalizando R$ 2,7 bilh\u00f5es em recursos injetados na economia. Os valores variam de R$ 88 a R$ 1.045, de acordo com a quantidade de dias trabalhados durante o ano base 2018.<\/p>\n\n\n\n<p>O prazo final para o saque do abono salarial do calend\u00e1rio de pagamentos 2019\/2020 \u00e9 30 de junho deste ano.<\/p>\n\n\n\n<p>O valor do benef\u00edcio pode ser consultado no Aplicativo Caixa Trabalhador, no site da Caixa ou pelo Atendimento ao Cidad\u00e3o, no telefone 0800 726 0207.<\/p>\n\n\n\n<p>O banco disponibilizar\u00e1 cerca de R$ 16,5 bilh\u00f5es para mais de 21,6 milh\u00f5es de benefici\u00e1rios at\u00e9 o final do calend\u00e1rio.<\/p>\n\n\n\n<p>Pode receber o benef\u00edcio o trabalhador inscrito no PIS h\u00e1 pelo menos cinco anos e que tenha trabalhado formalmente por pelo menos 30 dias em 2018, com remunera\u00e7\u00e3o mensal m\u00e9dia de at\u00e9 dois sal\u00e1rios m\u00ednimos.<\/p>\n\n\n\n<p>Tamb\u00e9m \u00e9 necess\u00e1rio que os dados estejam corretamente informados pelo empregador na Rais (Rela\u00e7\u00e3o Anual de Informa\u00e7\u00f5es Sociais), ano base 2018.<br><\/p>\n","protected":false},"excerpt":{"rendered":"<p>&nbsp;A Caixa inicia, na pr\u00f3xima quinta-feira (13), o pagamento do abono salarial do PIS (Programa de Integra\u00e7\u00e3o Social) calend\u00e1rio 2019\/2020, para os trabalhadores nascidos nos&hellip; <\/p>\n","protected":false},"author":2,"featured_media":152938,"comment_status":"closed","ping_status":"closed","sticky":false,"template":"","format":"standard","meta":{"sfsi_plus_gutenberg_text_before_share":"","sfsi_plus_gutenberg_show_text_before_share":"","sfsi_plus_gutenberg_icon_type":"","sfsi_plus_gutenberg_icon_alignemt":"","sfsi_plus_gutenburg_max_per_row":"","footnotes":""},"categories":[2],"tags":[],"class_list":["post-152937","post","type-post","status-publish","format-standard","has-post-thumbnail","hentry","category-geral"],"_links":{"self":[{"href":"https:\/\/www.caririemacao.com\/1\/wp-json\/wp\/v2\/posts\/152937","targetHints":{"allow":["GET"]}}],"collection":[{"href":"https:\/\/www.caririemacao.com\/1\/wp-json\/wp\/v2\/posts"}],"about":[{"href":"https:\/\/www.caririemacao.com\/1\/wp-json\/wp\/v2\/types\/post"}],"author":[{"embeddable":true,"href":"https:\/\/www.caririemacao.com\/1\/wp-json\/wp\/v2\/users\/2"}],"replies":[{"embeddable":true,"href":"https:\/\/www.caririemacao.com\/1\/wp-json\/wp\/v2\/comments?post=152937"}],"version-history":[{"count":1,"href":"https:\/\/www.caririemacao.com\/1\/wp-json\/wp\/v2\/posts\/152937\/revisions"}],"predecessor-version":[{"id":152939,"href":"https:\/\/www.caririemacao.com\/1\/wp-json\/wp\/v2\/posts\/152937\/revisions\/152939"}],"wp:featuredmedia":[{"embeddable":true,"href":"https:\/\/www.caririemacao.com\/1\/wp-json\/wp\/v2\/media\/152938"}],"wp:attachment":[{"href":"https:\/\/www.caririemacao.com\/1\/wp-json\/wp\/v2\/media?parent=152937"}],"wp:term":[{"taxonomy":"category","embeddable":true,"href":"https:\/\/www.caririemacao.com\/1\/wp-json\/wp\/v2\/categories?post=152937"},{"taxonomy":"post_tag","embeddable":true,"href":"https:\/\/www.caririemacao.com\/1\/wp-json\/wp\/v2\/tags?post=152937"}],"curies":[{"name":"wp","href":"https:\/\/api.w.org\/{rel}","templated":true}]}}