{"id":152941,"date":"2020-02-12T07:24:24","date_gmt":"2020-02-12T10:24:24","guid":{"rendered":"http:\/\/www.caririemacao.com\/1\/?p=152941"},"modified":"2020-02-12T07:24:26","modified_gmt":"2020-02-12T10:24:26","slug":"psicopedagoga-alerta-sobre-riscos-de-brincadeira-entre-criancas-e-adolescentes-que-ja-causou-morte-dentro-de-escola","status":"publish","type":"post","link":"https:\/\/www.caririemacao.com\/1\/2020\/02\/12\/psicopedagoga-alerta-sobre-riscos-de-brincadeira-entre-criancas-e-adolescentes-que-ja-causou-morte-dentro-de-escola\/","title":{"rendered":"Psicopedagoga alerta sobre riscos de &#8216;brincadeira&#8217; entre crian\u00e7as e adolescentes que j\u00e1 causou morte dentro de escola"},"content":{"rendered":"\n<p>Daquelas brincadeiras de mal gosto, a mais recente nas escolas tem viralizado nas redes sociais. Na curti\u00e7\u00e3o, tr\u00eas adolescentes participam de um pulo e passam os p\u00e9s no que fica no meio, que chega a cair e bater a cabe\u00e7a. Esse tipo de &#8216;brincadeira&#8217;&nbsp;matou, ano passado, uma menina&nbsp;ap\u00f3s cair e bater a cabe\u00e7a no ch\u00e3o durante a brincadeira com colegas em uma escola no Rio Grande do Norte.<br><\/p>\n\n\n\n<p>A menina era estudante da Escola Municipal Ant\u00f4nio Fagundes,&nbsp;Emanuela Medeiros, de 16 anos, sofreu traumatismo craniano e foi socorrida pela dire\u00e7\u00e3o e levada ao Hospital Regional Tarc\u00edsio&nbsp;Maia, no bairro Aeroporto. Ela chegou a ser internada, mas n\u00e3o resistiu.&nbsp;<\/p>\n\n\n\n<p>Em entrevista ao Portal ClickPB, a&nbsp;psicopedagoga Joyce Carvalho&nbsp;alerta sobre o perigo por tr\u00e1s dessas a\u00e7\u00f5es impensadas. Segundo ela, os jovens agem no impulso e n\u00e3o calculam os risco que podem desencadear uma a\u00e7\u00e3o como essa, lembrando que \u00e9&nbsp;muito importante que saibam os limites de certas brincadeiras.&nbsp;<\/p>\n\n\n\n<p>&#8220;As escolas devem estar preparadas e adaptadas&nbsp;para saber lidar com o instinto mais desafiador que acaba sendo mais agu\u00e7ado entre os adolescentes. Isso deve ser trabalhado e direcionado para \u00e1reas que podem elevar os jovens a ter repert\u00f3rio para superar desafios saud\u00e1veis&nbsp;e n\u00e3o naqueles que envolvem risco de vida. Muitos n\u00e3o t\u00eam a no\u00e7\u00e3o de correm risco de vida, quando se d\u00e3o conta, j\u00e1 est\u00e3o inseridos nesse contexto, muitas vezes sem volta, como foi o caso da menina no RN&#8221;, avaliou.&nbsp;<\/p>\n\n\n\n<p>Confira um v\u00eddeo que traz a brincadeira sendo aproveitada por jovens estudantes durante o intervalo escolar.&nbsp;<br>A<\/p>\n\n\n\n<figure><iframe data-src=\"https:\/\/www.youtube.com\/embed\/icOE5aepIH0\" allowfullscreen=\"\" src=\"data:image\/svg+xml;base64,PHN2ZyB3aWR0aD0iMSIgaGVpZ2h0PSIxIiB4bWxucz0iaHR0cDovL3d3dy53My5vcmcvMjAwMC9zdmciPjwvc3ZnPg==\" class=\"lazyload\" data-load-mode=\"1\"><\/iframe><\/figure>\n","protected":false},"excerpt":{"rendered":"<p>Daquelas brincadeiras de mal gosto, a mais recente nas escolas tem viralizado nas redes sociais. Na curti\u00e7\u00e3o, tr\u00eas adolescentes participam de um pulo e passam&hellip; <\/p>\n","protected":false},"author":2,"featured_media":152942,"comment_status":"closed","ping_status":"closed","sticky":false,"template":"","format":"standard","meta":{"sfsi_plus_gutenberg_text_before_share":"","sfsi_plus_gutenberg_show_text_before_share":"","sfsi_plus_gutenberg_icon_type":"","sfsi_plus_gutenberg_icon_alignemt":"","sfsi_plus_gutenburg_max_per_row":"","footnotes":""},"categories":[50,2],"tags":[],"class_list":["post-152941","post","type-post","status-publish","format-standard","has-post-thumbnail","hentry","category-destaque","category-geral"],"_links":{"self":[{"href":"https:\/\/www.caririemacao.com\/1\/wp-json\/wp\/v2\/posts\/152941","targetHints":{"allow":["GET"]}}],"collection":[{"href":"https:\/\/www.caririemacao.com\/1\/wp-json\/wp\/v2\/posts"}],"about":[{"href":"https:\/\/www.caririemacao.com\/1\/wp-json\/wp\/v2\/types\/post"}],"author":[{"embeddable":true,"href":"https:\/\/www.caririemacao.com\/1\/wp-json\/wp\/v2\/users\/2"}],"replies":[{"embeddable":true,"href":"https:\/\/www.caririemacao.com\/1\/wp-json\/wp\/v2\/comments?post=152941"}],"version-history":[{"count":1,"href":"https:\/\/www.caririemacao.com\/1\/wp-json\/wp\/v2\/posts\/152941\/revisions"}],"predecessor-version":[{"id":152943,"href":"https:\/\/www.caririemacao.com\/1\/wp-json\/wp\/v2\/posts\/152941\/revisions\/152943"}],"wp:featuredmedia":[{"embeddable":true,"href":"https:\/\/www.caririemacao.com\/1\/wp-json\/wp\/v2\/media\/152942"}],"wp:attachment":[{"href":"https:\/\/www.caririemacao.com\/1\/wp-json\/wp\/v2\/media?parent=152941"}],"wp:term":[{"taxonomy":"category","embeddable":true,"href":"https:\/\/www.caririemacao.com\/1\/wp-json\/wp\/v2\/categories?post=152941"},{"taxonomy":"post_tag","embeddable":true,"href":"https:\/\/www.caririemacao.com\/1\/wp-json\/wp\/v2\/tags?post=152941"}],"curies":[{"name":"wp","href":"https:\/\/api.w.org\/{rel}","templated":true}]}}