{"id":152944,"date":"2020-02-12T08:47:28","date_gmt":"2020-02-12T11:47:28","guid":{"rendered":"http:\/\/www.caririemacao.com\/1\/?p=152944"},"modified":"2020-02-12T08:47:29","modified_gmt":"2020-02-12T11:47:29","slug":"lula-viaja-para-visitar-o-papa-francisco","status":"publish","type":"post","link":"https:\/\/www.caririemacao.com\/1\/2020\/02\/12\/lula-viaja-para-visitar-o-papa-francisco\/","title":{"rendered":"Lula viaja para visitar o papa Francisco"},"content":{"rendered":"\n<p>O ex-presidente Luiz In\u00e1cio Lula da Silva embarcou na tarde desta ter\u00e7a (12) para Roma, na It\u00e1lia, onde vai visitar o papa Francisco no Vaticano.<\/p>\n\n\n\n<p>A viagem foi poss\u00edvel gra\u00e7as a uma decis\u00e3o da Justi\u00e7a de Bras\u00edlia que adiou uma audi\u00eancia que Lula daria pela Opera\u00e7\u00e3o Zelotes.<\/p>\n\n\n\n<p>O encontro foi intermediado pelo presidente da argentina, Alberto Fernandez. O petista e o papa conversar\u00e3o sobre lawfare \u2014 termo criado para indicar uma disputa pol\u00edtica travada por meio do Judici\u00e1rio.<\/p>\n\n\n\n<p>Os advogados do petista afirmam que Lula tem audi\u00eancia com o papa marcada para a quinta (13). A volta do petista para o Brasil est\u00e1 marcada para o s\u00e1bado (15).<\/p>\n","protected":false},"excerpt":{"rendered":"<p>O ex-presidente Luiz In\u00e1cio Lula da Silva embarcou na tarde desta ter\u00e7a (12) para Roma, na It\u00e1lia, onde vai visitar o papa Francisco no Vaticano.&hellip; <\/p>\n","protected":false},"author":2,"featured_media":131151,"comment_status":"closed","ping_status":"closed","sticky":false,"template":"","format":"standard","meta":{"sfsi_plus_gutenberg_text_before_share":"","sfsi_plus_gutenberg_show_text_before_share":"","sfsi_plus_gutenberg_icon_type":"","sfsi_plus_gutenberg_icon_alignemt":"","sfsi_plus_gutenburg_max_per_row":"","footnotes":""},"categories":[2],"tags":[],"class_list":["post-152944","post","type-post","status-publish","format-standard","has-post-thumbnail","hentry","category-geral"],"_links":{"self":[{"href":"https:\/\/www.caririemacao.com\/1\/wp-json\/wp\/v2\/posts\/152944","targetHints":{"allow":["GET"]}}],"collection":[{"href":"https:\/\/www.caririemacao.com\/1\/wp-json\/wp\/v2\/posts"}],"about":[{"href":"https:\/\/www.caririemacao.com\/1\/wp-json\/wp\/v2\/types\/post"}],"author":[{"embeddable":true,"href":"https:\/\/www.caririemacao.com\/1\/wp-json\/wp\/v2\/users\/2"}],"replies":[{"embeddable":true,"href":"https:\/\/www.caririemacao.com\/1\/wp-json\/wp\/v2\/comments?post=152944"}],"version-history":[{"count":1,"href":"https:\/\/www.caririemacao.com\/1\/wp-json\/wp\/v2\/posts\/152944\/revisions"}],"predecessor-version":[{"id":152945,"href":"https:\/\/www.caririemacao.com\/1\/wp-json\/wp\/v2\/posts\/152944\/revisions\/152945"}],"wp:featuredmedia":[{"embeddable":true,"href":"https:\/\/www.caririemacao.com\/1\/wp-json\/wp\/v2\/media\/131151"}],"wp:attachment":[{"href":"https:\/\/www.caririemacao.com\/1\/wp-json\/wp\/v2\/media?parent=152944"}],"wp:term":[{"taxonomy":"category","embeddable":true,"href":"https:\/\/www.caririemacao.com\/1\/wp-json\/wp\/v2\/categories?post=152944"},{"taxonomy":"post_tag","embeddable":true,"href":"https:\/\/www.caririemacao.com\/1\/wp-json\/wp\/v2\/tags?post=152944"}],"curies":[{"name":"wp","href":"https:\/\/api.w.org\/{rel}","templated":true}]}}