{"id":152947,"date":"2020-02-12T08:48:56","date_gmt":"2020-02-12T11:48:56","guid":{"rendered":"http:\/\/www.caririemacao.com\/1\/?p=152947"},"modified":"2020-02-12T08:48:57","modified_gmt":"2020-02-12T11:48:57","slug":"mae-denuncia-agressao-de-funcionario-de-escola-contra-seu-filho-autista","status":"publish","type":"post","link":"https:\/\/www.caririemacao.com\/1\/2020\/02\/12\/mae-denuncia-agressao-de-funcionario-de-escola-contra-seu-filho-autista\/","title":{"rendered":"M\u00e3e denuncia agress\u00e3o de funcion\u00e1rio de escola contra seu filho autista"},"content":{"rendered":"\n<p>A m\u00e3e de uma crian\u00e7a denuncia a agress\u00e3o sofrida pelo seu filho de 10 anos que tem&nbsp;Transtorno do Espectro do Autismo (TEA) por um inspetor de uma escola da rede p\u00fablica. Segundo ela, a crian\u00e7a teria sido agredida&nbsp;depois de ter uma estereotipia e&nbsp;bater no inspetor da&nbsp;Escola Municipal Padre Leonel Franca, no bairro do Geisel, em Jo\u00e3o Pessoa, o mesmo teria devolvido o tapa na crian\u00e7a.<br><\/p>\n\n\n\n<p>O caso que foi registrado na \u00faltima sexta-feira (7) est\u00e1 sendo investigado&nbsp;pela Secretaria Municipal de Educa\u00e7\u00e3o de Jo\u00e3o Pessoa, pelo Conselho Tutelar e pelo Minist\u00e9rio P\u00fablico da Para\u00edba (MPPB). A fam\u00edlia da v\u00edtima tamb\u00e9m registrou boletim de ocorr\u00eancia na Central de Flagrantes da capital.<br><\/p>\n\n\n\n<p>Segundo a m\u00e3e,&nbsp;Maria Josilene Barbosa, a viol\u00eancia ocorreu durante o intervalo da escola. &#8220;Meu filho estava tendo um momento de estereotipia [a\u00e7\u00e3o repetitiva] e bateu com as m\u00e3os no inspetor escolar, e ele devolveu com o tapa no meu filho&#8221;, explicou.<\/p>\n\n\n\n<p>Ainda segundo ela, o profissional n\u00e3o se mostrou arrependido do ato. &#8220;Eu o questionei e ele me disse que bateu e bateria quantas vezes fosse preciso, se a crian\u00e7a voltasse a bater ou a cuspir nele&#8221;.<\/p>\n\n\n\n<p>A equipe de reportagem do Portal ClickPB tentou contato com a secretaria de educa\u00e7\u00e3o para saber se o inspetor ser\u00e1 afastado, mas at\u00e9 o momento n\u00e3o obteve resposta.<\/p>\n","protected":false},"excerpt":{"rendered":"<p>A m\u00e3e de uma crian\u00e7a denuncia a agress\u00e3o sofrida pelo seu filho de 10 anos que tem&nbsp;Transtorno do Espectro do Autismo (TEA) por um inspetor&hellip; <\/p>\n","protected":false},"author":2,"featured_media":152948,"comment_status":"closed","ping_status":"closed","sticky":false,"template":"","format":"standard","meta":{"sfsi_plus_gutenberg_text_before_share":"","sfsi_plus_gutenberg_show_text_before_share":"","sfsi_plus_gutenberg_icon_type":"","sfsi_plus_gutenberg_icon_alignemt":"","sfsi_plus_gutenburg_max_per_row":"","footnotes":""},"categories":[12],"tags":[],"class_list":["post-152947","post","type-post","status-publish","format-standard","has-post-thumbnail","hentry","category-policia"],"_links":{"self":[{"href":"https:\/\/www.caririemacao.com\/1\/wp-json\/wp\/v2\/posts\/152947","targetHints":{"allow":["GET"]}}],"collection":[{"href":"https:\/\/www.caririemacao.com\/1\/wp-json\/wp\/v2\/posts"}],"about":[{"href":"https:\/\/www.caririemacao.com\/1\/wp-json\/wp\/v2\/types\/post"}],"author":[{"embeddable":true,"href":"https:\/\/www.caririemacao.com\/1\/wp-json\/wp\/v2\/users\/2"}],"replies":[{"embeddable":true,"href":"https:\/\/www.caririemacao.com\/1\/wp-json\/wp\/v2\/comments?post=152947"}],"version-history":[{"count":1,"href":"https:\/\/www.caririemacao.com\/1\/wp-json\/wp\/v2\/posts\/152947\/revisions"}],"predecessor-version":[{"id":152949,"href":"https:\/\/www.caririemacao.com\/1\/wp-json\/wp\/v2\/posts\/152947\/revisions\/152949"}],"wp:featuredmedia":[{"embeddable":true,"href":"https:\/\/www.caririemacao.com\/1\/wp-json\/wp\/v2\/media\/152948"}],"wp:attachment":[{"href":"https:\/\/www.caririemacao.com\/1\/wp-json\/wp\/v2\/media?parent=152947"}],"wp:term":[{"taxonomy":"category","embeddable":true,"href":"https:\/\/www.caririemacao.com\/1\/wp-json\/wp\/v2\/categories?post=152947"},{"taxonomy":"post_tag","embeddable":true,"href":"https:\/\/www.caririemacao.com\/1\/wp-json\/wp\/v2\/tags?post=152947"}],"curies":[{"name":"wp","href":"https:\/\/api.w.org\/{rel}","templated":true}]}}