{"id":152950,"date":"2020-02-12T08:50:03","date_gmt":"2020-02-12T11:50:03","guid":{"rendered":"http:\/\/www.caririemacao.com\/1\/?p=152950"},"modified":"2020-02-12T08:50:05","modified_gmt":"2020-02-12T11:50:05","slug":"bolsonaro-assina-decreto-que-cria-conselho-da-amazonia","status":"publish","type":"post","link":"https:\/\/www.caririemacao.com\/1\/2020\/02\/12\/bolsonaro-assina-decreto-que-cria-conselho-da-amazonia\/","title":{"rendered":"Bolsonaro assina decreto que cria Conselho da Amaz\u00f4nia"},"content":{"rendered":"\n<p>O presidente Jair Bolsonaro determinou hoje (21) a cria\u00e7\u00e3o do Conselho da Amaz\u00f4nia, a ser coordenado pelo vice-presidente da Rep\u00fablica, Hamilton Mour\u00e3o.<\/p>\n\n\n\n<p>Em publica\u00e7\u00e3o no Twitter, Bolsonaro explicou que ser\u00e1 utilizada a pr\u00f3pria estrutura da Vice-Presid\u00eancia.<\/p>\n\n\n\n<p>O objetivo do conselho ser\u00e1 coordenar as diversas a\u00e7\u00f5es em cada minist\u00e9rio voltadas para a prote\u00e7\u00e3o, defesa e desenvolvimento sustent\u00e1vel da Amaz\u00f4nia.<\/p>\n\n\n\n<p>\u201cDentre outras medidas determinadas est\u00e1 tamb\u00e9m a cria\u00e7\u00e3o de uma For\u00e7a Nacional Ambiental, \u00e0 semelhan\u00e7a da For\u00e7a Nacional de Seguran\u00e7a P\u00fablica, voltada \u00e0 prote\u00e7\u00e3o do meio ambiente da Amaz\u00f4nia\u201d, escreveu o presidente.<\/p>\n\n\n\n<p>Bolsonaro esteve reunido, durante toda a manh\u00e3 desta ter\u00e7a-feira, com sua equipe de ministros no Pal\u00e1cio da Alvorada.<\/p>\n\n\n\n<p>O vice-presidente Hamilton Mour\u00e3o tamb\u00e9m participou do encontro.<br><\/p>\n","protected":false},"excerpt":{"rendered":"<p>O presidente Jair Bolsonaro determinou hoje (21) a cria\u00e7\u00e3o do Conselho da Amaz\u00f4nia, a ser coordenado pelo vice-presidente da Rep\u00fablica, Hamilton Mour\u00e3o. Em publica\u00e7\u00e3o no&hellip; <\/p>\n","protected":false},"author":2,"featured_media":152040,"comment_status":"closed","ping_status":"closed","sticky":false,"template":"","format":"standard","meta":{"sfsi_plus_gutenberg_text_before_share":"","sfsi_plus_gutenberg_show_text_before_share":"","sfsi_plus_gutenberg_icon_type":"","sfsi_plus_gutenberg_icon_alignemt":"","sfsi_plus_gutenburg_max_per_row":"","footnotes":""},"categories":[11],"tags":[],"class_list":["post-152950","post","type-post","status-publish","format-standard","has-post-thumbnail","hentry","category-politica"],"_links":{"self":[{"href":"https:\/\/www.caririemacao.com\/1\/wp-json\/wp\/v2\/posts\/152950","targetHints":{"allow":["GET"]}}],"collection":[{"href":"https:\/\/www.caririemacao.com\/1\/wp-json\/wp\/v2\/posts"}],"about":[{"href":"https:\/\/www.caririemacao.com\/1\/wp-json\/wp\/v2\/types\/post"}],"author":[{"embeddable":true,"href":"https:\/\/www.caririemacao.com\/1\/wp-json\/wp\/v2\/users\/2"}],"replies":[{"embeddable":true,"href":"https:\/\/www.caririemacao.com\/1\/wp-json\/wp\/v2\/comments?post=152950"}],"version-history":[{"count":1,"href":"https:\/\/www.caririemacao.com\/1\/wp-json\/wp\/v2\/posts\/152950\/revisions"}],"predecessor-version":[{"id":152951,"href":"https:\/\/www.caririemacao.com\/1\/wp-json\/wp\/v2\/posts\/152950\/revisions\/152951"}],"wp:featuredmedia":[{"embeddable":true,"href":"https:\/\/www.caririemacao.com\/1\/wp-json\/wp\/v2\/media\/152040"}],"wp:attachment":[{"href":"https:\/\/www.caririemacao.com\/1\/wp-json\/wp\/v2\/media?parent=152950"}],"wp:term":[{"taxonomy":"category","embeddable":true,"href":"https:\/\/www.caririemacao.com\/1\/wp-json\/wp\/v2\/categories?post=152950"},{"taxonomy":"post_tag","embeddable":true,"href":"https:\/\/www.caririemacao.com\/1\/wp-json\/wp\/v2\/tags?post=152950"}],"curies":[{"name":"wp","href":"https:\/\/api.w.org\/{rel}","templated":true}]}}