{"id":152953,"date":"2020-02-12T08:51:47","date_gmt":"2020-02-12T11:51:47","guid":{"rendered":"http:\/\/www.caririemacao.com\/1\/?p=152953"},"modified":"2020-02-12T08:51:48","modified_gmt":"2020-02-12T11:51:48","slug":"economista-discorda-de-proposta-de-bolsonaro-sobre-zerar-icms-e-preciso-prudencia","status":"publish","type":"post","link":"https:\/\/www.caririemacao.com\/1\/2020\/02\/12\/economista-discorda-de-proposta-de-bolsonaro-sobre-zerar-icms-e-preciso-prudencia\/","title":{"rendered":"Economista discorda de proposta de Bolsonaro sobre zerar ICMS: \u201c\u00e9 preciso prud\u00eancia\u201d"},"content":{"rendered":"\n<p>O presidente Jair Messias Bolsonaro (sem partido) fez, recentemente, um \u201cdesafio\u201d para que os governadores dos estados brasileiros zerassem o Imposto sobre Circula\u00e7\u00e3o de Mercadorias e Servi\u00e7os (ICMS), em contrapartida, ele anularia os impostos federais e o pre\u00e7o da gasolina diminuiria.<\/p>\n\n\n\n<p>Em entrevista veiculada pela r\u00e1dio Correio FM, o economista Geraldo Medeiros falou sobre falou sobre a impossibilidade da proposta do presidente.<\/p>\n\n\n\n<p>\u2013 A proposta do presidente para que os estados zerem o ICMS, me parece uma medida equivocada dele. Pois, na pr\u00e1tica, ele acaba simplificando um problema que precisa ser visto na sua complexidade \u2013 disse.<\/p>\n\n\n\n<p>De acordo com o economista, \u201co ideal seria que n\u00e3o tiv\u00e9ssemos impostos nenhum, que tiv\u00e9ssemos mercadorias em pre\u00e7os mais baixos e que pud\u00e9ssemos compr\u00e1-las\u201d.<\/p>\n\n\n\n<p>\u2013 O fato \u00e9 que \u00e9 necess\u00e1rio que o Estado, num pa\u00eds subdesenvolvido como Brasil, com tantos milh\u00f5es de desempregados e com tanta exclus\u00e3o social, seja enxergado como principal agente econ\u00f4mico e para que aja com pol\u00edticas de necessidade do povo, ele precisa, portanto, dos impostos \u2013 argumentou.<\/p>\n\n\n\n<p>Segundo Geraldo, o que se faz mais necess\u00e1rio \u00e9 que os impostos recolhidos sejam aplicados diretamente naquilo que a popula\u00e7\u00e3o precisa, de forma racional, e sem corrup\u00e7\u00e3o.<\/p>\n\n\n\n<p>\u2013 Al\u00e9m da corrup\u00e7\u00e3o, ainda temos um grande problema que \u00e9 a maior parte dos recursos do governo federal v\u00e3o para o pagamento de juros de d\u00edvidas. Milh\u00f5es s\u00e3o gastos assim. \u2013 explicou.<\/p>\n\n\n\n<p>Ainda de acordo com o economista, \u00e9 preciso mais prud\u00eancia por parte das medidas proposta pelo presidente.<\/p>\n","protected":false},"excerpt":{"rendered":"<p>O presidente Jair Messias Bolsonaro (sem partido) fez, recentemente, um \u201cdesafio\u201d para que os governadores dos estados brasileiros zerassem o Imposto sobre Circula\u00e7\u00e3o de Mercadorias&hellip; <\/p>\n","protected":false},"author":2,"featured_media":152026,"comment_status":"closed","ping_status":"closed","sticky":false,"template":"","format":"standard","meta":{"sfsi_plus_gutenberg_text_before_share":"","sfsi_plus_gutenberg_show_text_before_share":"","sfsi_plus_gutenberg_icon_type":"","sfsi_plus_gutenberg_icon_alignemt":"","sfsi_plus_gutenburg_max_per_row":"","footnotes":""},"categories":[11],"tags":[],"class_list":["post-152953","post","type-post","status-publish","format-standard","has-post-thumbnail","hentry","category-politica"],"_links":{"self":[{"href":"https:\/\/www.caririemacao.com\/1\/wp-json\/wp\/v2\/posts\/152953","targetHints":{"allow":["GET"]}}],"collection":[{"href":"https:\/\/www.caririemacao.com\/1\/wp-json\/wp\/v2\/posts"}],"about":[{"href":"https:\/\/www.caririemacao.com\/1\/wp-json\/wp\/v2\/types\/post"}],"author":[{"embeddable":true,"href":"https:\/\/www.caririemacao.com\/1\/wp-json\/wp\/v2\/users\/2"}],"replies":[{"embeddable":true,"href":"https:\/\/www.caririemacao.com\/1\/wp-json\/wp\/v2\/comments?post=152953"}],"version-history":[{"count":1,"href":"https:\/\/www.caririemacao.com\/1\/wp-json\/wp\/v2\/posts\/152953\/revisions"}],"predecessor-version":[{"id":152954,"href":"https:\/\/www.caririemacao.com\/1\/wp-json\/wp\/v2\/posts\/152953\/revisions\/152954"}],"wp:featuredmedia":[{"embeddable":true,"href":"https:\/\/www.caririemacao.com\/1\/wp-json\/wp\/v2\/media\/152026"}],"wp:attachment":[{"href":"https:\/\/www.caririemacao.com\/1\/wp-json\/wp\/v2\/media?parent=152953"}],"wp:term":[{"taxonomy":"category","embeddable":true,"href":"https:\/\/www.caririemacao.com\/1\/wp-json\/wp\/v2\/categories?post=152953"},{"taxonomy":"post_tag","embeddable":true,"href":"https:\/\/www.caririemacao.com\/1\/wp-json\/wp\/v2\/tags?post=152953"}],"curies":[{"name":"wp","href":"https:\/\/api.w.org\/{rel}","templated":true}]}}